{"id":4878,"date":"2023-01-14T16:45:17","date_gmt":"2023-01-14T16:45:17","guid":{"rendered":"https:\/\/ranpal.org\/?p=4878"},"modified":"2023-01-14T17:47:03","modified_gmt":"2023-01-14T17:47:03","slug":"la-paz-total-es-un-prototipo-de-pacificacion","status":"publish","type":"post","link":"https:\/\/ranpal.org\/?p=4878","title":{"rendered":"LA PAZ TOTAL ES UN PROTOTIPO DE PACIFICACI\u00d3N"},"content":{"rendered":"<style>\/*! elementor - v3.8.0 - 08-11-2022 *\/\n.elementor-widget-image{text-align:center}.elementor-widget-image a{display:inline-block}.elementor-widget-image a img[src$=\".svg\"]{width:48px}.elementor-widget-image img{vertical-align:middle;display:inline-block}<\/style>\n<figure>\n\t\t\t\t\t\t\t\t\t\t\t<a href=\"https:\/\/eln-voces.net\/la-paz-total-es-un-prototipo-de-pacificacion\/\" target=\"_blank\" rel=\"noopener\"><br \/>\n\t\t\t\t\t\t\t<img decoding=\"async\" src=\"https:\/\/ranpal.org\/Biblioteca\/elementor\/thumbs\/PAZ-TOTAL-ES-UN-PROTOTIPO-q0npsx48ttr9aefmhrn3e2l1ym3q8nqh5k2yxg31ts.jpg\" title=\"PAZ TOTAL ES UN PROTOTIPO\" alt=\"PAZ TOTAL ES UN PROTOTIPO\" \/>\t\t\t\t\t\t\t\t<\/a><figcaption>Durante d\u00e9cadas la \u00e9lite gobernante le ha apostado al DDR y no lleg\u00f3 la paz, por el contrario recrudeci\u00f3 la violencia, as\u00ed que los hechos demuestran que la f\u00f3rmula no es otra que la Soluci\u00f3n Pol\u00edtica, pero esta implica consensos y acuerdos bipartitas que tengan como norte el alivio social y humanitario de toda la sociedad.<\/figcaption><\/figure>\n<p><b>E<\/b>scrito <b>por Damaris Damaris Izaguirre para la Revista semanal Insurrecci\u00f3n n\u00famero 877 del Ej\u00e9rcito de Liberaci\u00f3n Nacional (ELN)<\/b> de Colombia y publicado este lunes 09 de enero en el portal&nbsp;<a href=\"http:\/\/www.eln-voces.net\" target=\"_blank\" style=\"font-family: var( --e-global-typography-text-font-family ), Sans-serif; background-color: rgb(255, 255, 255); letter-spacing: 0px;\" rel=\"noopener\"><b>www.eln-voces.net<\/b><\/a><\/p>\n<p>Al igual que Santos uno de los pilares del Gobierno de Petro es terminar con el Conflicto Armado, <b>proceso ahora denominado \u2018Paz Total\u2019, sin embargo, las ambig\u00fcedades del Gobierno en torno a la paz, hacen pensar que estamos ante otro experimento de Desarme, Desmovilizaci\u00f3n y Reinserci\u00f3n (DDR).<\/b><\/p>\n<p><b>Ranpal \u00abComunicamos para vencer\u00bb.<br \/>Bogot\u00e1 s\u00e1bado 14 enero 2023.<\/b><\/p>\n<p>\t\t\t<iframe src=\"https:\/\/www.ivoox.com\/player_ej_101467904_6_1.html?c1=f92f3d\" width=\"100%\" height=\"200\" frameborder=\"0\" allowfullscreen=\"\" scrolling=\"no\" loading=\"lazy\"><\/iframe><br \/>\n\t\t\t<a href=\"https:\/\/twitter.com\/Ramirodice1\" target=\"_blank\" role=\"button\" rel=\"noopener\"><br \/>\n\t\t\t\t\t\t <a class=\"twitter-timeline\" data-width=\"640\" data-height=\"960\" data-dnt=\"true\" href=\"https:\/\/twitter.com\/Ramirodice1?ref_src=twsrc%5Etfw\">Tweets by Ramirodice1<\/a><script async src=\"https:\/\/platform.twitter.com\/widgets.js\" charset=\"utf-8\"><\/script><br \/>\n\t\t\t\t\t<\/a><br \/>\n\t\t\t<a href=\"https:\/\/twitter.com\/antonioGcdte\" target=\"_blank\" role=\"button\" rel=\"noopener\"><br \/>\n\t\t\t\t\t\t <a class=\"twitter-timeline\" data-width=\"640\" data-height=\"960\" data-dnt=\"true\" href=\"https:\/\/twitter.com\/antonioGcdte?ref_src=twsrc%5Etfw\">Tweets by antonioGcdte<\/a><script async src=\"https:\/\/platform.twitter.com\/widgets.js\" charset=\"utf-8\"><\/script><br \/>\n\t\t\t\t\t<\/a><br \/>\n\t\t\t<a href=\"https:\/\/twitter.com\/DelegacionEln\" target=\"_blank\" role=\"button\" rel=\"noopener\"><br \/>\n\t\t\t\t\t\t @DelegacionEln Di\u00e1logos<br \/>\n\t\t\t\t\t<\/a><\/p>\n","protected":false},"excerpt":{"rendered":"<p>Durante d\u00e9cadas la \u00e9lite gobernante le ha apostado al DDR y no lleg\u00f3 la paz,<\/p>\n","protected":false},"author":2,"featured_media":0,"comment_status":"open","ping_status":"open","sticky":false,"template":"","format":"standard","meta":{"h5ap_radio_sources":[],"footnotes":""},"categories":[21],"tags":[204,319,365],"class_list":["post-4878","post","type-post","status-publish","format-standard","hentry","category-ranpal-org","tag-cese-el-fuego","tag-conflicto","tag-paz-total"],"_links":{"self":[{"href":"https:\/\/ranpal.org\/index.php?rest_route=\/wp\/v2\/posts\/4878","targetHints":{"allow":["GET"]}}],"collection":[{"href":"https:\/\/ranpal.org\/index.php?rest_route=\/wp\/v2\/posts"}],"about":[{"href":"https:\/\/ranpal.org\/index.php?rest_route=\/wp\/v2\/types\/post"}],"author":[{"embeddable":true,"href":"https:\/\/ranpal.org\/index.php?rest_route=\/wp\/v2\/users\/2"}],"replies":[{"embeddable":true,"href":"https:\/\/ranpal.org\/index.php?rest_route=%2Fwp%2Fv2%2Fcomments&post=4878"}],"version-history":[{"count":16,"href":"https:\/\/ranpal.org\/index.php?rest_route=\/wp\/v2\/posts\/4878\/revisions"}],"predecessor-version":[{"id":4895,"href":"https:\/\/ranpal.org\/index.php?rest_route=\/wp\/v2\/posts\/4878\/revisions\/4895"}],"wp:attachment":[{"href":"https:\/\/ranpal.org\/index.php?rest_route=%2Fwp%2Fv2%2Fmedia&parent=4878"}],"wp:term":[{"taxonomy":"category","embeddable":true,"href":"https:\/\/ranpal.org\/index.php?rest_route=%2Fwp%2Fv2%2Fcategories&post=4878"},{"taxonomy":"post_tag","embeddable":true,"href":"https:\/\/ranpal.org\/index.php?rest_route=%2Fwp%2Fv2%2Ftags&post=4878"}],"curies":[{"name":"wp","href":"https:\/\/api.w.org\/{rel}","templated":true}]}}