{"id":4896,"date":"2023-01-16T19:35:39","date_gmt":"2023-01-16T19:35:39","guid":{"rendered":"https:\/\/ranpal.org\/?p=4896"},"modified":"2023-01-16T19:46:26","modified_gmt":"2023-01-16T19:46:26","slug":"los-golpes-de-la-derecha-en-america-latina","status":"publish","type":"post","link":"https:\/\/ranpal.org\/?p=4896","title":{"rendered":"LOS GOLPES DE LA DERECHA EN AM\u00c9RICA LATINA"},"content":{"rendered":"<style>\/*! elementor - v3.8.0 - 08-11-2022 *\/\n.elementor-widget-image{text-align:center}.elementor-widget-image a{display:inline-block}.elementor-widget-image a img[src$=\".svg\"]{width:48px}.elementor-widget-image img{vertical-align:middle;display:inline-block}<\/style>\n<figure>\n\t\t\t\t\t\t\t\t\t\t\t<a href=\"https:\/\/eln-voces.net\/los-golpes-de-la-derecha-en-america-latina\/\" target=\"_blank\" rel=\"noopener\"><br \/>\n\t\t\t\t\t\t\t<img decoding=\"async\" src=\"https:\/\/ranpal.org\/Biblioteca\/elementor\/thumbs\/EDITORIAL-878-REVISTA-INSURRECCION.ELN_-q0renhtu9cqpwnh5m28r07efmlecng87d3vpr0wutc.jpg\" title=\"EDITORIAL #878 REVISTA INSURRECCI\u00d3N.ELN\" alt=\"EDITORIAL #878 REVISTA INSURRECCI\u00d3N.ELN\" \/>\t\t\t\t\t\t\t\t<\/a><figcaption>Est\u00e1 por verse si la derecha resurgir\u00e1 de manera violenta cuando considere que el Gobierno progresista traspasa sus L\u00edneas Rojas, que son el cambio del modelo pol\u00edtico, econ\u00f3mico, de Doctrina de Seguridad y de Relaciones Internacionales. En conclusi\u00f3n, si queremos cambios estructurales reales, somos los colombianos los que nos debemos empoderar y conquistar las transformaciones que requiere el pa\u00eds.<\/figcaption><\/figure>\n<p><b>E<\/b>ditorial semanal de la <b>Revista Insurrecci\u00f3n n\u00famero 878 escrito por el Comando Central (COCE) DEL Ej\u00e9rcito de Liberaci\u00f3n Nacional (ELN) <\/b>de Colombia y publicado este lunes 16 de enero en el portal&nbsp;<a href=\"https:\/\/eln-voces.net\/\" target=\"_blank\" style=\"font-family: var( --e-global-typography-text-font-family ), Sans-serif; background-color: rgb(255, 255, 255); letter-spacing: 0px;\" rel=\"noopener\"><b>www.eln-voces.net<\/b><\/a><\/p>\n<p>En la \u00faltima d\u00e9cada <b>se viene consolidando un resurgimiento del progresismo latinoamericano por la v\u00eda electoral, proceso al que la burgues\u00eda y la ultra derecha han reaccionado tajantemente a trav\u00e9s de Golpes de Estado, no tan blandos<\/b> y otras maniobras de desestabilizaci\u00f3n.<\/p>\n<p><b>Ranpal \u00abComunicaci\u00f3n para la emancipaci\u00f3n popular\u00bb.<br \/>Bogot\u00e1 lunes 16 enero 2023.<\/b><\/p>\n<p>\t\t\t<iframe src=\"https:\/\/www.ivoox.com\/player_ej_101544586_6_1.html?c1=f10909\" width=\"100%\" height=\"200\" frameborder=\"0\" allowfullscreen=\"\" scrolling=\"no\" loading=\"lazy\"><\/iframe><br \/>\n\t\t\t<a href=\"https:\/\/twitter.com\/Ramirodice1\" target=\"_blank\" role=\"button\" rel=\"noopener\"><br \/>\n\t\t\t\t\t\t <a class=\"twitter-timeline\" data-width=\"640\" data-height=\"960\" data-dnt=\"true\" href=\"https:\/\/twitter.com\/Ramirodice1?ref_src=twsrc%5Etfw\">Tweets by Ramirodice1<\/a><script async src=\"https:\/\/platform.twitter.com\/widgets.js\" charset=\"utf-8\"><\/script><br \/>\n\t\t\t\t\t<\/a><br \/>\n\t\t\t<a href=\"https:\/\/twitter.com\/antonioGcdte\" target=\"_blank\" role=\"button\" rel=\"noopener\"><br \/>\n\t\t\t\t\t\t <a class=\"twitter-timeline\" data-width=\"640\" data-height=\"960\" data-dnt=\"true\" href=\"https:\/\/twitter.com\/antonioGcdte?ref_src=twsrc%5Etfw\">Tweets by antonioGcdte<\/a><script async src=\"https:\/\/platform.twitter.com\/widgets.js\" charset=\"utf-8\"><\/script><br \/>\n\t\t\t\t\t<\/a><br \/>\n\t\t\t<a href=\"https:\/\/twitter.com\/DelegacionEln\" target=\"_blank\" role=\"button\" rel=\"noopener\"><br \/>\n\t\t\t\t\t\t @DelegacionEln Di\u00e1logos<br \/>\n\t\t\t\t\t<\/a><\/p>\n","protected":false},"excerpt":{"rendered":"<p>Est\u00e1 por verse si la derecha resurgir\u00e1 de manera violenta cuando considere que el Gobierno<\/p>\n","protected":false},"author":2,"featured_media":0,"comment_status":"open","ping_status":"open","sticky":false,"template":"","format":"standard","meta":{"h5ap_radio_sources":[],"footnotes":""},"categories":[15],"tags":[133,395,394,138],"class_list":["post-4896","post","type-post","status-publish","format-standard","hentry","category-editorial","tag-colombia","tag-derechas","tag-gobiernos","tag-paz"],"_links":{"self":[{"href":"https:\/\/ranpal.org\/index.php?rest_route=\/wp\/v2\/posts\/4896","targetHints":{"allow":["GET"]}}],"collection":[{"href":"https:\/\/ranpal.org\/index.php?rest_route=\/wp\/v2\/posts"}],"about":[{"href":"https:\/\/ranpal.org\/index.php?rest_route=\/wp\/v2\/types\/post"}],"author":[{"embeddable":true,"href":"https:\/\/ranpal.org\/index.php?rest_route=\/wp\/v2\/users\/2"}],"replies":[{"embeddable":true,"href":"https:\/\/ranpal.org\/index.php?rest_route=%2Fwp%2Fv2%2Fcomments&post=4896"}],"version-history":[{"count":19,"href":"https:\/\/ranpal.org\/index.php?rest_route=\/wp\/v2\/posts\/4896\/revisions"}],"predecessor-version":[{"id":4916,"href":"https:\/\/ranpal.org\/index.php?rest_route=\/wp\/v2\/posts\/4896\/revisions\/4916"}],"wp:attachment":[{"href":"https:\/\/ranpal.org\/index.php?rest_route=%2Fwp%2Fv2%2Fmedia&parent=4896"}],"wp:term":[{"taxonomy":"category","embeddable":true,"href":"https:\/\/ranpal.org\/index.php?rest_route=%2Fwp%2Fv2%2Fcategories&post=4896"},{"taxonomy":"post_tag","embeddable":true,"href":"https:\/\/ranpal.org\/index.php?rest_route=%2Fwp%2Fv2%2Ftags&post=4896"}],"curies":[{"name":"wp","href":"https:\/\/api.w.org\/{rel}","templated":true}]}}