{"id":5228,"date":"2023-02-03T18:40:48","date_gmt":"2023-02-03T18:40:48","guid":{"rendered":"https:\/\/ranpal.org\/?p=5228"},"modified":"2023-02-03T18:56:10","modified_gmt":"2023-02-03T18:56:10","slug":"notiranpal-oligarquia-colombiana-responsable-por-genocidio-de-la-up","status":"publish","type":"post","link":"https:\/\/ranpal.org\/?p=5228","title":{"rendered":"NOTIRANPAL. OLIGARQU\u00cdA COLOMBIANA RESPONSABLE POR GENOCIDIO DE LA UP"},"content":{"rendered":"<style>\/*! elementor - v3.8.0 - 08-11-2022 *\/\n.elementor-widget-image{text-align:center}.elementor-widget-image a{display:inline-block}.elementor-widget-image a img[src$=\".svg\"]{width:48px}.elementor-widget-image img{vertical-align:middle;display:inline-block}<\/style>\n<figure>\n\t\t\t\t\t\t\t\t\t\t\t<a href=\"https:\/\/ranpal.org\/notiranpal-oligarquia-colombiana-responsable-por-genocidio-de-la-up\/\" target=\"_blank\" rel=\"noopener\"><br \/>\n\t\t\t\t\t\t\t<img decoding=\"async\" src=\"https:\/\/ranpal.org\/Biblioteca\/elementor\/thumbs\/NOTIRANPAL.-OLIGARQUIA-EXTERMINIO-DE-LA-UP-q1mo57estqfltp8on2d2apad1ardcmqap5lshgwdfk.jpg\" title=\"NOTIRANPAL. OLIGARQUI\u0301A EXTERMINIO DE LA UP\" alt=\"NOTIRANPAL. OLIGARQUI\u0301A EXTERMINIO DE LA UP\" \/>\t\t\t\t\t\t\t\t<\/a><figcaption>Notiranpal. Noticias nacionales e internacionales desde el lente y la cr\u00edtica insurgente Elena. El genocidio de la UP, los informes acomodados del Dane, el asedio de los neoliberales contra los territorios ricos en recursos primarios, agenda Elena y otros temas.<\/figcaption><\/figure>\n<p><b>B<\/b>ienvenidos a otro episodio de <b>NOTIRANPAL, \u00abnoticias en revoluci\u00f3n\u00bb. Una mirada insurgente y popular al acontecer nacional y popular. Esta vez recreando hechos como la condena de la CIDH al Estado colombiano, o sea a la \u00e9lite olig\u00e1rquica, por el exterminio de la Uni\u00f3n Patri\u00f3tica en la d\u00e9cada del 80 del siglo anterior.<\/b> Tambi\u00e9n la resistencia de los pueblos en todo el mundo, el tema econ\u00f3mico y ambiental, as\u00ed como la Agenda elena; todo en un mismo programa para que Ud lo analice, comente y socialice.<\/p>\n<p><b>Ranpal \u00abComunicamos para vencer\u00bb.<br \/>\nBogot\u00e1 viernes 03 del febrero 2023.<\/b><\/p>\n<p>\t\t\t<iframe src=\"https:\/\/www.ivoox.com\/player_ej_102529664_6_1.html?c1=e00b20\" width=\"100%\" height=\"200\" frameborder=\"0\" allowfullscreen=\"\" scrolling=\"no\" loading=\"lazy\"><\/iframe><br \/>\n\t\t\t<a href=\"https:\/\/twitter.com\/Ramirodice1\" target=\"_blank\" role=\"button\" rel=\"noopener\"><br \/>\n\t\t\t\t\t\t <a class=\"twitter-timeline\" data-width=\"640\" data-height=\"960\" data-dnt=\"true\" href=\"https:\/\/twitter.com\/Ramirodice1?ref_src=twsrc%5Etfw\">Tweets by Ramirodice1<\/a><script async src=\"https:\/\/platform.twitter.com\/widgets.js\" charset=\"utf-8\"><\/script><br \/>\n\t\t\t\t\t<\/a><br \/>\n\t\t\t<a href=\"https:\/\/twitter.com\/antonioGcdte\" target=\"_blank\" role=\"button\" rel=\"noopener\"><br \/>\n\t\t\t\t\t\t <a class=\"twitter-timeline\" data-width=\"640\" data-height=\"960\" data-dnt=\"true\" href=\"https:\/\/twitter.com\/antonioGcdte?ref_src=twsrc%5Etfw\">Tweets by antonioGcdte<\/a><script async src=\"https:\/\/platform.twitter.com\/widgets.js\" charset=\"utf-8\"><\/script><br \/>\n\t\t\t\t\t<\/a><br \/>\n\t\t\t<a href=\"https:\/\/twitter.com\/DelegacionEln\" target=\"_blank\" role=\"button\" rel=\"noopener\"><br \/>\n\t\t\t\t\t\t @DelegacionEln Di\u00e1logos<br \/>\n\t\t\t\t\t<\/a><\/p>\n","protected":false},"excerpt":{"rendered":"<p>Notiranpal. Noticias nacionales e internacionales desde el lente y la cr\u00edtica insurgente Elena. El genocidio<\/p>\n","protected":false},"author":2,"featured_media":0,"comment_status":"open","ping_status":"open","sticky":false,"template":"","format":"standard","meta":{"h5ap_radio_sources":[],"footnotes":""},"categories":[21],"tags":[133,38,325,399],"class_list":["post-5228","post","type-post","status-publish","format-standard","hentry","category-ranpal-org","tag-colombia","tag-genocidio","tag-notiranpal","tag-up"],"_links":{"self":[{"href":"https:\/\/ranpal.org\/index.php?rest_route=\/wp\/v2\/posts\/5228","targetHints":{"allow":["GET"]}}],"collection":[{"href":"https:\/\/ranpal.org\/index.php?rest_route=\/wp\/v2\/posts"}],"about":[{"href":"https:\/\/ranpal.org\/index.php?rest_route=\/wp\/v2\/types\/post"}],"author":[{"embeddable":true,"href":"https:\/\/ranpal.org\/index.php?rest_route=\/wp\/v2\/users\/2"}],"replies":[{"embeddable":true,"href":"https:\/\/ranpal.org\/index.php?rest_route=%2Fwp%2Fv2%2Fcomments&post=5228"}],"version-history":[{"count":28,"href":"https:\/\/ranpal.org\/index.php?rest_route=\/wp\/v2\/posts\/5228\/revisions"}],"predecessor-version":[{"id":5258,"href":"https:\/\/ranpal.org\/index.php?rest_route=\/wp\/v2\/posts\/5228\/revisions\/5258"}],"wp:attachment":[{"href":"https:\/\/ranpal.org\/index.php?rest_route=%2Fwp%2Fv2%2Fmedia&parent=5228"}],"wp:term":[{"taxonomy":"category","embeddable":true,"href":"https:\/\/ranpal.org\/index.php?rest_route=%2Fwp%2Fv2%2Fcategories&post=5228"},{"taxonomy":"post_tag","embeddable":true,"href":"https:\/\/ranpal.org\/index.php?rest_route=%2Fwp%2Fv2%2Ftags&post=5228"}],"curies":[{"name":"wp","href":"https:\/\/api.w.org\/{rel}","templated":true}]}}