{"id":5261,"date":"2023-02-06T17:55:34","date_gmt":"2023-02-06T17:55:34","guid":{"rendered":"https:\/\/ranpal.org\/?p=5261"},"modified":"2023-02-06T18:17:55","modified_gmt":"2023-02-06T18:17:55","slug":"el-genocidio-es-aplicacion-del-terrorismo-de-estado","status":"publish","type":"post","link":"https:\/\/ranpal.org\/?p=5261","title":{"rendered":"EL GENOCIDIO ES APLICACI\u00d3N DEL TERRORISMO DE ESTADO"},"content":{"rendered":"<style>\/*! elementor - v3.8.0 - 08-11-2022 *\/\n.elementor-widget-image{text-align:center}.elementor-widget-image a{display:inline-block}.elementor-widget-image a img[src$=\".svg\"]{width:48px}.elementor-widget-image img{vertical-align:middle;display:inline-block}<\/style>\n<figure>\n\t\t\t\t\t\t\t\t\t\t\t<a href=\"https:\/\/eln-voces.net\/el-genocidio-es-aplicacion-del-terrorismo-de-estado\/\" target=\"_blank\" rel=\"noopener\"><br \/>\n\t\t\t\t\t\t\t<img decoding=\"async\" src=\"https:\/\/ranpal.org\/Biblioteca\/elementor\/thumbs\/EDITORIAL-881-REVISTA-INSURRECCION-ELN-q1ru68wk2k6f87exmecnv86n8nw8aair4flqmp4nb4.jpg\" title=\"portada623\" alt=\"portada623\" \/>\t\t\t\t\t\t\t\t<\/a><figcaption>Las clases dominantes tienen que cambiar la Doctrina que se\u00f1ala al movimiento social y pol\u00edtico y a sus dirigentes como \u201cEnemigos Internos\u201d, por otra que garantice los plenos derechos de una democracia, cambio que contribuir\u00eda a una Soluci\u00f3n Pol\u00edtica al conflicto.<\/figcaption><\/figure>\n<p><b>E<\/b>ditorial de la <b>Revista semanal Insurrecci\u00f3n n\u00famero 881 escrito por el Comando Central (COCE) del Ej\u00e9rcito de Liberaci\u00f3n Nacional (ELN)<\/b> de Colombia y publicado este lunes 06 de febrero de 2023 en el portal&nbsp;<a href=\"https:\/\/eln-voces.net\" target=\"_blank\" style=\"font-family: var( --e-global-typography-text-font-family ), Sans-serif; background-color: rgb(255, 255, 255); letter-spacing: 0px;\" rel=\"noopener\"><b>www.eln-voces.net<\/b><\/a><\/p>\n<p>El aniquilamiento de la oposici\u00f3n y el descabezamiento de las organizaciones sociales y populares contin\u00faa, <b>desde los tiempos de la Unir de Jorge Eliecer Gait\u00e1n, arrasaron con la Uni\u00f3n Patri\u00f3tica y parte del Partido Comunista; a los movimientos de izquierda Frente Popular y A Luchar les asesinaron cientos de l\u00edderes y miles de militantes.<\/b><\/p>\n<p><b>Ranpal&nbsp; \u00abComunicaci\u00f3n para la emancipaci\u00f3n popular\u00bb.<br \/>Bogot\u00e1 lunes 06 febrero 2023.<\/b><\/p>\n<p>\t\t\t<iframe src=\"https:\/\/www.ivoox.com\/player_ej_102631410_6_1.html?c1=f2071f\" width=\"100%\" height=\"200\" frameborder=\"0\" allowfullscreen=\"\" scrolling=\"no\" loading=\"lazy\"><\/iframe><br \/>\n\t\t\t<a href=\"https:\/\/twitter.com\/Ramirodice1\" target=\"_blank\" role=\"button\" rel=\"noopener\"><br \/>\n\t\t\t\t\t\t <a class=\"twitter-timeline\" data-width=\"640\" data-height=\"960\" data-dnt=\"true\" href=\"https:\/\/twitter.com\/Ramirodice1?ref_src=twsrc%5Etfw\">Tweets by Ramirodice1<\/a><script async src=\"https:\/\/platform.twitter.com\/widgets.js\" charset=\"utf-8\"><\/script><br \/>\n\t\t\t\t\t<\/a><br \/>\n\t\t\t<a href=\"https:\/\/twitter.com\/antonioGcdte\" target=\"_blank\" role=\"button\" rel=\"noopener\"><br \/>\n\t\t\t\t\t\t  <a class=\"twitter-timeline\" data-width=\"640\" data-height=\"960\" data-dnt=\"true\" href=\"https:\/\/twitter.com\/antonioGcdte?ref_src=twsrc%5Etfw\">Tweets by antonioGcdte<\/a><script async src=\"https:\/\/platform.twitter.com\/widgets.js\" charset=\"utf-8\"><\/script><br \/>\n\t\t\t\t\t<\/a><br \/>\n\t\t\t<a href=\"https:\/\/twitter.com\/DelegacionEln\" target=\"_blank\" role=\"button\" rel=\"noopener\"><br \/>\n\t\t\t\t\t\t @DelegacionEln Di\u00e1logos<br \/>\n\t\t\t\t\t<\/a><\/p>\n","protected":false},"excerpt":{"rendered":"<p>Las clases dominantes tienen que cambiar la Doctrina que se\u00f1ala al movimiento social y pol\u00edtico<\/p>\n","protected":false},"author":2,"featured_media":0,"comment_status":"open","ping_status":"open","sticky":false,"template":"","format":"standard","meta":{"h5ap_radio_sources":[],"footnotes":""},"categories":[15],"tags":[133,30,5,187],"class_list":["post-5261","post","type-post","status-publish","format-standard","hentry","category-editorial","tag-colombia","tag-editorial","tag-eln","tag-terrorismo-de-estado"],"_links":{"self":[{"href":"https:\/\/ranpal.org\/index.php?rest_route=\/wp\/v2\/posts\/5261","targetHints":{"allow":["GET"]}}],"collection":[{"href":"https:\/\/ranpal.org\/index.php?rest_route=\/wp\/v2\/posts"}],"about":[{"href":"https:\/\/ranpal.org\/index.php?rest_route=\/wp\/v2\/types\/post"}],"author":[{"embeddable":true,"href":"https:\/\/ranpal.org\/index.php?rest_route=\/wp\/v2\/users\/2"}],"replies":[{"embeddable":true,"href":"https:\/\/ranpal.org\/index.php?rest_route=%2Fwp%2Fv2%2Fcomments&post=5261"}],"version-history":[{"count":19,"href":"https:\/\/ranpal.org\/index.php?rest_route=\/wp\/v2\/posts\/5261\/revisions"}],"predecessor-version":[{"id":5282,"href":"https:\/\/ranpal.org\/index.php?rest_route=\/wp\/v2\/posts\/5261\/revisions\/5282"}],"wp:attachment":[{"href":"https:\/\/ranpal.org\/index.php?rest_route=%2Fwp%2Fv2%2Fmedia&parent=5261"}],"wp:term":[{"taxonomy":"category","embeddable":true,"href":"https:\/\/ranpal.org\/index.php?rest_route=%2Fwp%2Fv2%2Fcategories&post=5261"},{"taxonomy":"post_tag","embeddable":true,"href":"https:\/\/ranpal.org\/index.php?rest_route=%2Fwp%2Fv2%2Ftags&post=5261"}],"curies":[{"name":"wp","href":"https:\/\/api.w.org\/{rel}","templated":true}]}}