{"id":55,"date":"2021-07-06T15:09:10","date_gmt":"2021-07-06T15:09:10","guid":{"rendered":"https:\/\/ranpal.org\/?p=55"},"modified":"2021-07-09T14:55:11","modified_gmt":"2021-07-09T14:55:11","slug":"tiempos-de-sublevacion","status":"publish","type":"post","link":"https:\/\/ranpal.org\/?p=55","title":{"rendered":"TIEMPOS DE SUBLEVACI\u00d3N"},"content":{"rendered":"\n<p class=\"has-text-align-center\"><strong>A LOS 57 A\u00d1OS DE LA PRIMERA MARCHA<\/strong><\/p>\n\n\n\n<p><strong><span class=\"has-inline-color has-primary-color\">E<\/span><\/strong>l 4 de julio de 1964 inici\u00f3 la Primera Marcha guerrillera con la que se fund\u00f3 el Ej\u00e9rcito de Liberaci\u00f3n Nacional (ELN), con ocasi\u00f3n de este aniversario 57 Antonio Garc\u00eda, Primer Comandante del ELN env\u00eda esta carta a la militancia y al pueblo de Colombia. Escrita a manera de editorial para la Revista semanal Insurrecci\u00f3n n\u00famero 798 publicada este lunes 05 en el portal www.eln-voces.net<\/p>\n\n\n\n<p><strong>Ranpal \u00abvoz de resistencia y lucha del pueblo colombiano\u00bb.<br>Bogot\u00e1 martes 06 julio 2021.<\/strong><\/p>\n\n\n\n<p><strong><span class=\"has-inline-color has-primary-color\">Oiga o descargue audio aqui:<\/span><span class=\"has-inline-color has-accent-color\"> <a href=\"https:\/\/go.ivoox.com\/rf\/72405581\" data-type=\"URL\" data-id=\"https:\/\/go.ivoox.com\/rf\/72405581\">https:\/\/go.ivoox.com\/rf\/72405581<\/a><\/span><\/strong><\/p>\n","protected":false},"excerpt":{"rendered":"<p>A LOS 57 A\u00d1OS DE LA PRIMERA MARCHA El 4 de julio de 1964 inici\u00f3<\/p>\n","protected":false},"author":2,"featured_media":0,"comment_status":"open","ping_status":"open","sticky":false,"template":"","format":"standard","meta":{"h5ap_radio_sources":[],"footnotes":""},"categories":[15],"tags":[16,18,17,5,7],"class_list":["post-55","post","type-post","status-publish","format-standard","hentry","category-editorial","tag-antonio-garcia","tag-coce","tag-comandante","tag-eln","tag-insurreccion"],"_links":{"self":[{"href":"https:\/\/ranpal.org\/index.php?rest_route=\/wp\/v2\/posts\/55","targetHints":{"allow":["GET"]}}],"collection":[{"href":"https:\/\/ranpal.org\/index.php?rest_route=\/wp\/v2\/posts"}],"about":[{"href":"https:\/\/ranpal.org\/index.php?rest_route=\/wp\/v2\/types\/post"}],"author":[{"embeddable":true,"href":"https:\/\/ranpal.org\/index.php?rest_route=\/wp\/v2\/users\/2"}],"replies":[{"embeddable":true,"href":"https:\/\/ranpal.org\/index.php?rest_route=%2Fwp%2Fv2%2Fcomments&post=55"}],"version-history":[{"count":3,"href":"https:\/\/ranpal.org\/index.php?rest_route=\/wp\/v2\/posts\/55\/revisions"}],"predecessor-version":[{"id":78,"href":"https:\/\/ranpal.org\/index.php?rest_route=\/wp\/v2\/posts\/55\/revisions\/78"}],"wp:attachment":[{"href":"https:\/\/ranpal.org\/index.php?rest_route=%2Fwp%2Fv2%2Fmedia&parent=55"}],"wp:term":[{"taxonomy":"category","embeddable":true,"href":"https:\/\/ranpal.org\/index.php?rest_route=%2Fwp%2Fv2%2Fcategories&post=55"},{"taxonomy":"post_tag","embeddable":true,"href":"https:\/\/ranpal.org\/index.php?rest_route=%2Fwp%2Fv2%2Ftags&post=55"}],"curies":[{"name":"wp","href":"https:\/\/api.w.org\/{rel}","templated":true}]}}