{"id":5529,"date":"2023-02-16T13:19:04","date_gmt":"2023-02-16T13:19:04","guid":{"rendered":"https:\/\/ranpal.org\/?p=5529"},"modified":"2023-02-16T18:02:45","modified_gmt":"2023-02-16T18:02:45","slug":"el-pueblo-reclama-a-camilo","status":"publish","type":"post","link":"https:\/\/ranpal.org\/?p=5529","title":{"rendered":"EL PUEBLO RECLAMA A CAMILO"},"content":{"rendered":"<style>\/*! elementor - v3.11.0 - 08-02-2023 *\/\n.elementor-widget-image{text-align:center}.elementor-widget-image a{display:inline-block}.elementor-widget-image a img[src$=\".svg\"]{width:48px}.elementor-widget-image img{vertical-align:middle;display:inline-block}<\/style>\n<figure>\n\t\t\t\t\t\t\t\t\t\t\t<a href=\"https:\/\/eln-voces.net\/el-pueblo-reclama-a-camilo\/\" target=\"_blank\" rel=\"noopener\"><br \/>\n\t\t\t\t\t\t\t<img decoding=\"async\" src=\"https:\/\/ranpal.org\/Biblioteca\/elementor\/thumbs\/1A-CAmiloT-q28yd2mg9qsld1mfi1oyogvapnkkzkstn84q0afklc.jpg\" title=\"1A CAmiloT\" alt=\"1A CAmiloT\" loading=\"lazy\" \/>\t\t\t\t\t\t\t\t<\/a><figcaption>La delegaci\u00f3n de Di\u00e1logos del ELN escribi\u00f3 sobre el Cmte Camilo: \u00abhoy le recordamos como un hermano, un compa\u00f1ero, un comandante, una luz de coherencia, para afrontar nuestra brega por la paz, la justicia y la dignidad, hasta las \u00faltimas consecuencias\u00bb.<\/figcaption><\/figure>\n<blockquote><p><b>Hoy 15 de febrero se cumplen 57 a\u00f1os de la ca\u00edda en combate del l\u00edder popular y Comandante en Jefe del Ej\u00e9rcito de Liberaci\u00f3n Nacional (ELN), Camilo Torres Restrepo<\/b>.<\/p><\/blockquote>\n<p><b>C<\/b>amilo, como referente de los pueblos, fue no s\u00f3lo un sacerdote cat\u00f3lico, que por plena convicci\u00f3n y con la libertad de su voluntad y sacrificio, dej\u00f3 a un lado las comodidades de su clase social, para hacerse guerrillero, sino que fue tambi\u00e9n, como soci\u00f3logo e investigador, un estudioso de la realidad de dominaci\u00f3n que en sus diversas dimensiones viven los empobrecidos.<\/p>\n<p>Desde el seminario de formaci\u00f3n en Bogot\u00e1 hasta Lovaina, B\u00e9lgica, y de nuevo en Colombia recorriendo campos y ciudades, estructurando la propuesta del Frente Unido como hombre pol\u00edtico de su tiempo, llamando precisamente  a la unidad de todos los que buscan las transformaciones sociales, hasta su decisi\u00f3n de hacer parte del ELN marchando a las monta\u00f1as de Santander, <b>el Camilo universal, el nuestro, el de ustedes, ha sido no una figura rom\u00e1ntica de guardar, sino una fuerza muy viva que se ha encarnado en lo m\u00e1s profundo para estar presente en nuestras luchas.<\/b><\/p>\n<p>https:\/\/youtu.be\/d-cA0qe9e0s<\/p>\n<blockquote>\n<pre><h6><ul><b>Desde su f\u00e9rrea determinaci\u00f3n revolucionaria y la defensa de la rebeli\u00f3n armada, haciendo un llamado a que la oligarqu\u00eda defina hacer un traspaso pac\u00edfico del poder al pueblo, hasta sus prof\u00e9ticos enunciados que fueron precursores de la Teolog\u00eda de la Liberaci\u00f3n, actualizando al Jes\u00fas hist\u00f3rico en los m\u00e1s empobrecidos y su derecho a los bienes comunes.<\/b><\/ul><\/h6><\/pre>\n<\/blockquote>\n<p><b>Camilo es hoy fuente inspiradora desde cuyo pensamiento articulamos nuestra propuesta de una paz integral, basada en la justicia social, la soberan\u00eda popular y nacional, el combate a la opresi\u00f3n, la dignidad humana y el cuidado de la casa com\u00fan.<\/b><\/p>\n<p><b>Hoy, 57 a\u00f1os despu\u00e9s, su cad\u00e1ver sigue desaparecido por el Estado colombiano, que se ha negado a entregarlo a la clase popular. El gobierno del Presidente Petro, tambi\u00e9n tiene esta responsabilidad, por lo que le emplazamos con respeto para que devuelva a Camilo al pueblo y podamos con sus restos seguir honrando su memoria.<\/b><\/p>\n<p><b>Desde ese compromiso por la paz con transformaciones y la centralidad del pueblo, hoy le recordamos como un hermano, un compa\u00f1ero, un comandante, una luz de coherencia, para afrontar nuestra brega por la paz, la justicia y la dignidad, hasta las \u00faltimas consecuencias.<\/b><\/p>\n<p><b>Delegaci\u00f3n de Di\u00e1logos del ELN<br \/><\/b><\/p>\n<p><b>Ciudad de M\u00e9xico, 15 de febrero de 2023<\/b><\/p>\n<\/p>\n<p>\t\t\t<a href=\"https:\/\/twitter.com\/Ramirodice1\" target=\"_blank\" role=\"button\" rel=\"noopener\"><br \/>\n\t\t\t\t<svg aria-hidden=\"true\" viewBox=\"0 0 512 512\" xmlns=\"http:\/\/www.w3.org\/2000\/svg\"><path d=\"M428.8 137.6h-86.177a115.52 115.52 0 0 0 2.176-22.4c0-47.914-35.072-83.2-92-83.2-45.314 0-57.002 48.537-75.707 78.784-7.735 12.413-16.994 23.317-25.851 33.253l-.131.146-.129.148C135.662 161.807 127.764 168 120.8 168h-2.679c-5.747-4.952-13.536-8-22.12-8H32c-17.673 0-32 12.894-32 28.8v230.4C0 435.106 14.327 448 32 448h64c8.584 0 16.373-3.048 22.12-8h2.679c28.688 0 67.137 40 127.2 40h21.299c62.542 0 98.8-38.658 99.94-91.145 12.482-17.813 18.491-40.785 15.985-62.791A93.148 93.148 0 0 0 393.152 304H428.8c45.435 0 83.2-37.584 83.2-83.2 0-45.099-38.101-83.2-83.2-83.2zm0 118.4h-91.026c12.837 14.669 14.415 42.825-4.95 61.05 11.227 19.646 1.687 45.624-12.925 53.625 6.524 39.128-10.076 61.325-50.6 61.325H248c-45.491 0-77.21-35.913-120-39.676V215.571c25.239-2.964 42.966-21.222 59.075-39.596 11.275-12.65 21.725-25.3 30.799-39.875C232.355 112.712 244.006 80 252.8 80c23.375 0 44 8.8 44 35.2 0 35.2-26.4 53.075-26.4 70.4h158.4c18.425 0 35.2 16.5 35.2 35.2 0 18.975-16.225 35.2-35.2 35.2zM88 384c0 13.255-10.745 24-24 24s-24-10.745-24-24 10.745-24 24-24 24 10.745 24 24z\"><\/path><\/svg><br \/>\n\t\t\t\t\t\t <a class=\"twitter-timeline\" data-width=\"640\" data-height=\"960\" data-dnt=\"true\" href=\"https:\/\/twitter.com\/Ramirodice1?ref_src=twsrc%5Etfw\">Tweets by Ramirodice1<\/a><script async src=\"https:\/\/platform.twitter.com\/widgets.js\" charset=\"utf-8\"><\/script><br \/>\n\t\t\t\t\t<\/a><br \/>\n\t\t\t<a href=\"https:\/\/twitter.com\/antonioGcdte\" target=\"_blank\" role=\"button\" rel=\"noopener\"><br \/>\n\t\t\t\t<svg aria-hidden=\"true\" viewBox=\"0 0 512 512\" xmlns=\"http:\/\/www.w3.org\/2000\/svg\"><path d=\"M428.8 137.6h-86.177a115.52 115.52 0 0 0 2.176-22.4c0-47.914-35.072-83.2-92-83.2-45.314 0-57.002 48.537-75.707 78.784-7.735 12.413-16.994 23.317-25.851 33.253l-.131.146-.129.148C135.662 161.807 127.764 168 120.8 168h-2.679c-5.747-4.952-13.536-8-22.12-8H32c-17.673 0-32 12.894-32 28.8v230.4C0 435.106 14.327 448 32 448h64c8.584 0 16.373-3.048 22.12-8h2.679c28.688 0 67.137 40 127.2 40h21.299c62.542 0 98.8-38.658 99.94-91.145 12.482-17.813 18.491-40.785 15.985-62.791A93.148 93.148 0 0 0 393.152 304H428.8c45.435 0 83.2-37.584 83.2-83.2 0-45.099-38.101-83.2-83.2-83.2zm0 118.4h-91.026c12.837 14.669 14.415 42.825-4.95 61.05 11.227 19.646 1.687 45.624-12.925 53.625 6.524 39.128-10.076 61.325-50.6 61.325H248c-45.491 0-77.21-35.913-120-39.676V215.571c25.239-2.964 42.966-21.222 59.075-39.596 11.275-12.65 21.725-25.3 30.799-39.875C232.355 112.712 244.006 80 252.8 80c23.375 0 44 8.8 44 35.2 0 35.2-26.4 53.075-26.4 70.4h158.4c18.425 0 35.2 16.5 35.2 35.2 0 18.975-16.225 35.2-35.2 35.2zM88 384c0 13.255-10.745 24-24 24s-24-10.745-24-24 10.745-24 24-24 24 10.745 24 24z\"><\/path><\/svg><br \/>\n\t\t\t\t\t\t  <a class=\"twitter-timeline\" data-width=\"640\" data-height=\"960\" data-dnt=\"true\" href=\"https:\/\/twitter.com\/antonioGcdte?ref_src=twsrc%5Etfw\">Tweets by antonioGcdte<\/a><script async src=\"https:\/\/platform.twitter.com\/widgets.js\" charset=\"utf-8\"><\/script><br \/>\n\t\t\t\t\t<\/a><br \/>\n\t\t\t<a href=\"https:\/\/twitter.com\/DelegacionEln\" target=\"_blank\" role=\"button\" rel=\"noopener\"><br \/>\n\t\t\t\t<svg aria-hidden=\"true\" viewBox=\"0 0 512 512\" xmlns=\"http:\/\/www.w3.org\/2000\/svg\"><path d=\"M428.8 137.6h-86.177a115.52 115.52 0 0 0 2.176-22.4c0-47.914-35.072-83.2-92-83.2-45.314 0-57.002 48.537-75.707 78.784-7.735 12.413-16.994 23.317-25.851 33.253l-.131.146-.129.148C135.662 161.807 127.764 168 120.8 168h-2.679c-5.747-4.952-13.536-8-22.12-8H32c-17.673 0-32 12.894-32 28.8v230.4C0 435.106 14.327 448 32 448h64c8.584 0 16.373-3.048 22.12-8h2.679c28.688 0 67.137 40 127.2 40h21.299c62.542 0 98.8-38.658 99.94-91.145 12.482-17.813 18.491-40.785 15.985-62.791A93.148 93.148 0 0 0 393.152 304H428.8c45.435 0 83.2-37.584 83.2-83.2 0-45.099-38.101-83.2-83.2-83.2zm0 118.4h-91.026c12.837 14.669 14.415 42.825-4.95 61.05 11.227 19.646 1.687 45.624-12.925 53.625 6.524 39.128-10.076 61.325-50.6 61.325H248c-45.491 0-77.21-35.913-120-39.676V215.571c25.239-2.964 42.966-21.222 59.075-39.596 11.275-12.65 21.725-25.3 30.799-39.875C232.355 112.712 244.006 80 252.8 80c23.375 0 44 8.8 44 35.2 0 35.2-26.4 53.075-26.4 70.4h158.4c18.425 0 35.2 16.5 35.2 35.2 0 18.975-16.225 35.2-35.2 35.2zM88 384c0 13.255-10.745 24-24 24s-24-10.745-24-24 10.745-24 24-24 24 10.745 24 24z\"><\/path><\/svg><br \/>\n\t\t\t\t\t\t @DelegacionEln Di\u00e1logos<br \/>\n\t\t\t\t\t<\/a><\/p>\n","protected":false},"excerpt":{"rendered":"<p>La delegaci\u00f3n de Di\u00e1logos del ELN escribi\u00f3 sobre el Cmte Camilo: \u00abhoy le recordamos como<\/p>\n","protected":false},"author":2,"featured_media":0,"comment_status":"open","ping_status":"open","sticky":false,"template":"elementor_theme","format":"standard","meta":{"h5ap_radio_sources":[],"footnotes":""},"categories":[21],"tags":[416,89,315],"class_list":["post-5529","post","type-post","status-publish","format-standard","hentry","category-ranpal-org","tag-camilo","tag-comunicado","tag-eln-58-anos"],"_links":{"self":[{"href":"https:\/\/ranpal.org\/index.php?rest_route=\/wp\/v2\/posts\/5529","targetHints":{"allow":["GET"]}}],"collection":[{"href":"https:\/\/ranpal.org\/index.php?rest_route=\/wp\/v2\/posts"}],"about":[{"href":"https:\/\/ranpal.org\/index.php?rest_route=\/wp\/v2\/types\/post"}],"author":[{"embeddable":true,"href":"https:\/\/ranpal.org\/index.php?rest_route=\/wp\/v2\/users\/2"}],"replies":[{"embeddable":true,"href":"https:\/\/ranpal.org\/index.php?rest_route=%2Fwp%2Fv2%2Fcomments&post=5529"}],"version-history":[{"count":89,"href":"https:\/\/ranpal.org\/index.php?rest_route=\/wp\/v2\/posts\/5529\/revisions"}],"predecessor-version":[{"id":5628,"href":"https:\/\/ranpal.org\/index.php?rest_route=\/wp\/v2\/posts\/5529\/revisions\/5628"}],"wp:attachment":[{"href":"https:\/\/ranpal.org\/index.php?rest_route=%2Fwp%2Fv2%2Fmedia&parent=5529"}],"wp:term":[{"taxonomy":"category","embeddable":true,"href":"https:\/\/ranpal.org\/index.php?rest_route=%2Fwp%2Fv2%2Fcategories&post=5529"},{"taxonomy":"post_tag","embeddable":true,"href":"https:\/\/ranpal.org\/index.php?rest_route=%2Fwp%2Fv2%2Ftags&post=5529"}],"curies":[{"name":"wp","href":"https:\/\/api.w.org\/{rel}","templated":true}]}}