{"id":61,"date":"2021-07-07T20:29:18","date_gmt":"2021-07-07T20:29:18","guid":{"rendered":"https:\/\/ranpal.org\/?p=61"},"modified":"2021-07-09T14:47:45","modified_gmt":"2021-07-09T14:47:45","slug":"saludo-del-cmte-beltran-a-presos-as-politicos","status":"publish","type":"post","link":"https:\/\/ranpal.org\/?p=61","title":{"rendered":"SALUDO DEL CMTE BELTR\u00c1N A PRESOS (AS) POL\u00cdTICOS"},"content":{"rendered":"\n<p><strong>E<\/strong>l Comandante Pablo Beltr\u00e1n -Jefe de la Delegaci\u00f3n de Di\u00e1logos del <strong>ELN <\/strong>en la Habana- a nombre de la Direcci\u00f3n Nacional saluda a todas y todos los prisioneros de guerra y presos pol\u00edticos confinados en las mazmorras del r\u00e9gimen narco olig\u00e1rquico colombiano, con motivo de los 57 a\u00f1os de la Primera Marcha guerrillera elena.<\/p>\n\n\n\n<p><strong>Ranpal \u00abvoz y sentir del pueblo colombiano\u00bb.<br>Bogot\u00e1 mi\u00e9rcoles 07 de julio 2021.<\/strong><\/p>\n\n\n\n<figure class=\"wp-block-gallery columns-0 is-cropped wp-block-gallery-1 is-layout-flex wp-block-gallery-is-layout-flex\"><ul class=\"blocks-gallery-grid\"><\/ul><\/figure>\n\n\n\n<p>Descargue y escuche audio aqui: <a href=\"https:\/\/go.ivoox.com\/rf\/72516007\" data-type=\"URL\" data-id=\"https:\/\/go.ivoox.com\/rf\/72516007\">https:\/\/go.ivoox.com\/rf\/72516007<\/a><\/p>\n","protected":false},"excerpt":{"rendered":"<p>El Comandante Pablo Beltr\u00e1n -Jefe de la Delegaci\u00f3n de Di\u00e1logos del ELN en la Habana-<\/p>\n","protected":false},"author":2,"featured_media":0,"comment_status":"open","ping_status":"open","sticky":false,"template":"","format":"standard","meta":{"h5ap_radio_sources":[],"footnotes":""},"categories":[21],"tags":[26,5,25],"class_list":["post-61","post","type-post","status-publish","format-standard","hentry","category-ranpal-org","tag-cmte-beltran","tag-eln","tag-saludo"],"_links":{"self":[{"href":"https:\/\/ranpal.org\/index.php?rest_route=\/wp\/v2\/posts\/61","targetHints":{"allow":["GET"]}}],"collection":[{"href":"https:\/\/ranpal.org\/index.php?rest_route=\/wp\/v2\/posts"}],"about":[{"href":"https:\/\/ranpal.org\/index.php?rest_route=\/wp\/v2\/types\/post"}],"author":[{"embeddable":true,"href":"https:\/\/ranpal.org\/index.php?rest_route=\/wp\/v2\/users\/2"}],"replies":[{"embeddable":true,"href":"https:\/\/ranpal.org\/index.php?rest_route=%2Fwp%2Fv2%2Fcomments&post=61"}],"version-history":[{"count":3,"href":"https:\/\/ranpal.org\/index.php?rest_route=\/wp\/v2\/posts\/61\/revisions"}],"predecessor-version":[{"id":74,"href":"https:\/\/ranpal.org\/index.php?rest_route=\/wp\/v2\/posts\/61\/revisions\/74"}],"wp:attachment":[{"href":"https:\/\/ranpal.org\/index.php?rest_route=%2Fwp%2Fv2%2Fmedia&parent=61"}],"wp:term":[{"taxonomy":"category","embeddable":true,"href":"https:\/\/ranpal.org\/index.php?rest_route=%2Fwp%2Fv2%2Fcategories&post=61"},{"taxonomy":"post_tag","embeddable":true,"href":"https:\/\/ranpal.org\/index.php?rest_route=%2Fwp%2Fv2%2Ftags&post=61"}],"curies":[{"name":"wp","href":"https:\/\/api.w.org\/{rel}","templated":true}]}}