{"id":643,"date":"2021-12-10T16:47:48","date_gmt":"2021-12-10T16:47:48","guid":{"rendered":"https:\/\/ranpal.org\/?p=643"},"modified":"2021-12-10T17:26:16","modified_gmt":"2021-12-10T17:26:16","slug":"de-la-masacre-de-1928-a-las-de-hoy","status":"publish","type":"post","link":"https:\/\/ranpal.org\/?p=643","title":{"rendered":"DE LA MASACRE DE 1928 A LAS DE HOY"},"content":{"rendered":"<p><img loading=\"lazy\" decoding=\"async\" id=\"main-image\" class=\"aligncenter\" src=\"https:\/\/i.postimg.cc\/k5qNjYkK\/DE-LA-MASACRE-DE-1928-A-HOY2.jpg\" width=\"613\" height=\"490\" \/><\/p>\n<p><strong>E<\/strong>scrito por Rub\u00e9n V\u00e1squez para la Revista semanal Insurrecci\u00f3n n\u00famero 820 de\u00f1 Ej\u00e9rcito de Liberaci\u00f3n Nacional (ELN) de Colombia y publicado este lunes 06 de diciembre en el portal <a href=\"http:\/\/www.eln-voces.net\">http:\/\/www.eln-voces.net<\/a><\/p>\n<p>Hace un siglo se llamaba United Fruits hoy es Chiquita Brands, para quien sigue vigente la denuncia de Gait\u00e1n: <strong>\u00abdolorosamente lo sabemos que en este pa\u00eds el Gobierno tiene para los colombianos la metralla homicida y una temblorosa rodilla en tierra ante el oro americano\u00bb.<\/strong><\/p>\n<p><strong>Ranpal \u00abComunicaci\u00f3n para la unidad y emancipaci\u00f3n popular\u00bb.<\/strong><br \/>\n<strong>Boogt\u00e1 viernes 10 diciembre 2021.<\/strong><\/p>\n<p><strong>OIR Y DESCARGAR EDITORIAL EN <a href=\"https:\/\/go.ivoox.com\/rf\/79449714\">https:\/\/go.ivoox.com\/rf\/79449714<\/a><\/strong><\/p>\n<h1><strong>S\u00edganos en<img loading=\"lazy\" decoding=\"async\" class=\"r-4qtqp9 r-dflpy8 r-sjv1od r-zw8f10 r-10akycc r-h9hxbl lazyloaded\" title=\"Dorso de la mano con el dedo \u00edndice se\u00f1alando hacia abajo\" draggable=\"false\" src=\"https:\/\/abs-0.twimg.com\/emoji\/v2\/svg\/1f447-1f3fd.svg\" alt=\"Dorso de la mano con el dedo \u00edndice se\u00f1alando hacia abajo\" width=\"76\" height=\"76\" data-src=\"https:\/\/abs-0.twimg.com\/emoji\/v2\/svg\/1f447-1f3fd.svg\" \/><\/strong><\/h1>\n<p><a href=\"https:\/\/www.facebook.com\/ranpal.patrialibre\/\"><strong><img loading=\"lazy\" decoding=\"async\" class=\"n3VNCb lazyloaded\" src=\"https:\/\/www.facebook.com\/images\/fb_icon_325x325.png\" alt=\"Facebook - Inicia sesi\u00f3n o reg\u00edstrate\" width=\"26\" height=\"26\" data-noaft=\"1\" data-src=\"https:\/\/www.facebook.com\/images\/fb_icon_325x325.png\" \/>https:\/\/www.facebook.com\/ranpal.patrialibre\/<\/strong><\/a><\/p>\n<p><strong><a href=\"https:\/\/mastodon.social\/@JhonJairodice1\"><img loading=\"lazy\" decoding=\"async\" class=\"n3VNCb lazyloaded\" src=\"https:\/\/i2.wp.com\/hipertextual.com\/wp-content\/uploads\/2012\/06\/twitter-bird-white-on-blue.jpg?fit=300%2C300&amp;ssl=1\" alt=\"Twitter cambia su logo\" width=\"31\" height=\"31\" data-noaft=\"1\" data-src=\"https:\/\/i2.wp.com\/hipertextual.com\/wp-content\/uploads\/2012\/06\/twitter-bird-white-on-blue.jpg?fit=300%2C300&amp;ssl=1\" \/>https:\/\/twitter.com\/@Ranpalino1<\/a><\/strong><\/p>\n<p><img loading=\"lazy\" decoding=\"async\" class=\"n3VNCb lazyloaded\" src=\"https:\/\/upload.wikimedia.org\/wikipedia\/commons\/thumb\/4\/48\/Mastodon_Logotype_%28Simple%29.svg\/953px-Mastodon_Logotype_%28Simple%29.svg.png\" alt=\"Archivo:Mastodon Logotype (Simple).svg - Wikipedia, la enciclopedia libre\" width=\"28\" height=\"30\" data-noaft=\"1\" data-src=\"https:\/\/upload.wikimedia.org\/wikipedia\/commons\/thumb\/4\/48\/Mastodon_Logotype_%28Simple%29.svg\/953px-Mastodon_Logotype_%28Simple%29.svg.png\" \/><strong><a href=\"https:\/\/mastodon.social\/@JhonJairodice1\">https:\/\/mastodon.social\/<span class=\"atwho-query\">@JhonJairoahora<\/span><\/a><\/strong><\/p>\n<p>&nbsp;<\/p>\n<div class=\"css-1dbjc4n r-1awozwy r-1hwvwag r-18kxxzh r-1b7u577\">\n<div class=\"css-1dbjc4n r-18kxxzh r-1wbh5a2 r-13qz1uu\">\n<div class=\"css-1dbjc4n r-1wbh5a2 r-dnmrzs\">\n<div class=\"css-1dbjc4n r-1adg3ll r-bztko3\">\n<div class=\"r-1p0dtai r-1pi2tsx r-1d2f490 r-u8s1d r-ipm5af r-13qz1uu\">\n<div class=\"css-1dbjc4n r-1adg3ll r-1pi2tsx r-1wyvozj r-bztko3 r-u8s1d r-1v2oles r-desppf r-13qz1uu\">\n<div class=\"r-1p0dtai r-1pi2tsx r-1d2f490 r-u8s1d r-ipm5af r-13qz1uu\">\n<div class=\"css-1dbjc4n r-ggadg3 r-u8s1d r-8jfcpp\">\n<div class=\"css-1dbjc4n r-1wyvozj r-u8s1d r-1v2oles r-desppf\">\n<div id=\"id__xkiptzu4l9s\" class=\"css-901oao r-18jsvk2 r-37j5jr r-a023e6 r-16dba41 r-rjixqe r-bcqeeo r-bnwqim r-qvutc0\" dir=\"auto\" lang=\"es\"><img loading=\"lazy\" decoding=\"async\" class=\"css-9pa8cd\" draggable=\"true\" src=\"https:\/\/pbs.twimg.com\/profile_images\/1447618953187110919\/QWr_NNaJ_400x400.jpg\" alt=\"Imagen\" width=\"35\" height=\"35\" \/><span class=\"css-901oao css-16my406 css-bfa6kz r-poiln3 r-bcqeeo r-qvutc0\"><span class=\"css-901oao css-16my406 r-poiln3 r-bcqeeo r-qvutc0\">Gustavo Bol\u00edvar<\/span><\/span><span class=\"css-901oao css-16my406 r-poiln3 r-bcqeeo r-qvutc0\">@GustavoBolivar<\/span><\/div>\n<div class=\"css-901oao r-18jsvk2 r-37j5jr r-a023e6 r-16dba41 r-rjixqe r-bcqeeo r-bnwqim r-qvutc0\" dir=\"auto\" lang=\"es\"><span class=\"css-901oao css-16my406 r-poiln3 r-bcqeeo r-qvutc0\">En el <\/span><span class=\"r-18u37iz\"><a class=\"css-4rbku5 css-18t94o4 css-901oao css-16my406 r-1cvl2hr r-1loqt21 r-poiln3 r-b88u0q r-bcqeeo r-3s2u2q r-qvutc0\" dir=\"ltr\" role=\"link\" href=\"https:\/\/twitter.com\/hashtag\/DiaDeLosDerechosHumanos?src=hashtag_click\">#DiaDeLosDerechosHumanos<img loading=\"lazy\" decoding=\"async\" class=\"r-4qtqp9 r-dflpy8 r-9cviqr r-zw8f10 r-10akycc r-h9hxbl\" draggable=\"false\" src=\"https:\/\/abs.twimg.com\/hashflags\/Human_Rights_Day_2021\/Human_Rights_Day_2021.png\" alt=\"\" width=\"26\" height=\"26\" \/><\/a><\/span><span class=\"css-901oao css-16my406 r-poiln3 r-bcqeeo r-qvutc0\"> el Senado aprueba ascenso de 46 militares, 18 de ellos sindicados por corrupci\u00f3n y violaci\u00f3n de DDHH. Pedimos q se votaran de manera individual para votar a favor de 28 militares con hojas de vida limpias pero nos lo impidieron. Se votaron en bloque.<\/span><\/div>\n<div dir=\"auto\" lang=\"es\">\n<div class=\"css-1dbjc4n r-1awozwy r-1hwvwag r-18kxxzh r-1b7u577\">\n<div class=\"css-1dbjc4n r-18kxxzh r-1wbh5a2 r-13qz1uu\">\n<div class=\"css-1dbjc4n r-1wbh5a2 r-dnmrzs\">\n<div class=\"css-1dbjc4n r-1adg3ll r-bztko3\">\n<div class=\"r-1p0dtai r-1pi2tsx r-1d2f490 r-u8s1d r-ipm5af r-13qz1uu\">\n<div class=\"css-1dbjc4n r-1adg3ll r-1pi2tsx r-1wyvozj r-bztko3 r-u8s1d r-1v2oles r-desppf r-13qz1uu\">\n<div class=\"r-1p0dtai r-1pi2tsx r-1d2f490 r-u8s1d r-ipm5af r-13qz1uu\">\n<div class=\"css-1dbjc4n r-ggadg3 r-u8s1d r-8jfcpp\">\n<div class=\"css-1dbjc4n r-14lw9ot r-1wyvozj r-633pao r-u8s1d r-1v2oles r-desppf\">\n<div class=\"css-1dbjc4n r-1adg3ll r-1udh08x\">\n<div class=\"r-1p0dtai r-1pi2tsx r-1d2f490 r-u8s1d r-ipm5af r-13qz1uu\">\n<div id=\"id__spg3o4sj7z\" class=\"css-901oao r-18jsvk2 r-37j5jr r-a023e6 r-16dba41 r-rjixqe r-bcqeeo r-bnwqim r-qvutc0\" dir=\"auto\" lang=\"es\">\n<p><img loading=\"lazy\" decoding=\"async\" class=\"css-9pa8cd\" draggable=\"true\" src=\"https:\/\/pbs.twimg.com\/profile_images\/1458133445314555910\/i_0LD60N_normal.jpg\" alt=\"\" width=\"31\" height=\"31\" \/><span class=\"css-901oao css-16my406 css-bfa6kz r-poiln3 r-bcqeeo r-qvutc0\"><span class=\"css-901oao css-16my406 r-poiln3 r-bcqeeo r-qvutc0\">Elmer Jos\u00e9 Monta\u00f1a G<\/span><\/span><span class=\"css-901oao css-16my406 r-poiln3 r-bcqeeo r-qvutc0\">@elmermontana<\/span><span class=\"r-18u37iz\"><a class=\"css-4rbku5 css-18t94o4 css-901oao css-16my406 r-1cvl2hr r-1loqt21 r-poiln3 r-b88u0q r-bcqeeo r-3s2u2q r-qvutc0\" dir=\"ltr\" role=\"link\" href=\"https:\/\/twitter.com\/hashtag\/DiaDeLosDerechosHumanos?src=hashtag_click\">#DiaDeLosDerechosHumanos<img loading=\"lazy\" decoding=\"async\" class=\"r-4qtqp9 r-dflpy8 r-9cviqr r-zw8f10 r-10akycc r-h9hxbl\" draggable=\"false\" src=\"https:\/\/abs.twimg.com\/hashflags\/Human_Rights_Day_2021\/Human_Rights_Day_2021.png\" alt=\"\" width=\"38\" height=\"38\" \/><\/a><\/span><span class=\"css-901oao css-16my406 r-poiln3 r-bcqeeo r-qvutc0\"> la <\/span><span class=\"r-18u37iz\"><a class=\"css-4rbku5 css-18t94o4 css-901oao css-16my406 r-1cvl2hr r-1loqt21 r-poiln3 r-bcqeeo r-qvutc0\" dir=\"ltr\" role=\"link\" href=\"https:\/\/twitter.com\/FiscaliaCol\">@FiscaliaCol<\/a><\/span><span class=\"css-901oao css-16my406 r-poiln3 r-bcqeeo r-qvutc0\"> acusar\u00e1 a un enfermero en Cali, por haber prestado ayuda a j\u00f3venes de primera l\u00ednea. Procesos basados en prejuicios y no en pruebas.<\/span><\/p>\n<div class=\"css-1dbjc4n r-1iusvr4 r-16y2uox r-1777fci r-kzbkwu\">\n<div class=\"css-1dbjc4n\">\n<div class=\"css-1dbjc4n r-zl2h9q\">\n<div class=\"css-1dbjc4n r-k4xj1c r-18u37iz r-1wtj0ep\">\n<div class=\"css-1dbjc4n r-1d09ksm r-18u37iz r-1wbh5a2\">\n<div class=\"css-1dbjc4n r-1wbh5a2 r-dnmrzs\">\n<div id=\"id__qhzfcdg7z3n\" class=\"css-1dbjc4n r-1awozwy r-18u37iz r-1wbh5a2 r-dnmrzs r-1ny4l3l\">\n<div class=\"css-1dbjc4n r-1awozwy r-18u37iz r-dnmrzs\">\n<div id=\"id__59omtgfih1h\" class=\"css-901oao r-18jsvk2 r-37j5jr r-a023e6 r-16dba41 r-rjixqe r-bcqeeo r-bnwqim r-qvutc0\" dir=\"auto\" lang=\"es\">\n<p><span class=\"css-901oao css-16my406 css-bfa6kz r-poiln3 r-bcqeeo r-qvutc0\"><span class=\"css-901oao css-16my406 r-poiln3 r-bcqeeo r-qvutc0\"><img loading=\"lazy\" decoding=\"async\" class=\"css-9pa8cd\" draggable=\"true\" src=\"https:\/\/pbs.twimg.com\/profile_images\/1468718998774853640\/fLZOZzNG_400x400.jpg\" alt=\"Imagen\" width=\"40\" height=\"40\" \/>Alirio Uribe Mu\u00f1oz<\/span><\/span><span class=\"css-901oao css-16my406 r-poiln3 r-bcqeeo r-qvutc0\">@AlirioUribeMuoz <\/span><span class=\"r-18u37iz\"><a class=\"css-4rbku5 css-18t94o4 css-901oao css-16my406 r-1cvl2hr r-1loqt21 r-poiln3 r-bcqeeo r-qvutc0\" dir=\"ltr\" role=\"link\" href=\"https:\/\/twitter.com\/hashtag\/AEstaHora?src=hashtag_click\">#AEstaHora<\/a><\/span><span class=\"css-901oao css-16my406 r-poiln3 r-bcqeeo r-qvutc0\"> nos encontramos en el B\u00fanker de la <\/span><\/p>\n<div class=\"css-1dbjc4n r-xoduu5\"><span class=\"r-18u37iz\"><a class=\"css-4rbku5 css-18t94o4 css-901oao css-16my406 r-1cvl2hr r-1loqt21 r-poiln3 r-bcqeeo r-qvutc0\" dir=\"ltr\" role=\"link\" href=\"https:\/\/twitter.com\/FiscaliaCol\">@FiscaliaCol<\/a><\/span><span class=\"css-901oao css-16my406 r-poiln3 r-bcqeeo r-qvutc0\"> acompa\u00f1ando a la defensora de derechos humanos Ericka Pietro, qui\u00e9n se entrega por montaje judicial. En este <\/span><span class=\"r-18u37iz\"><a class=\"css-4rbku5 css-18t94o4 css-901oao css-16my406 r-1cvl2hr r-1loqt21 r-poiln3 r-bcqeeo r-3s2u2q r-qvutc0\" dir=\"ltr\" role=\"link\" href=\"https:\/\/twitter.com\/hashtag\/DiaDeLosDerechosHumanos?src=hashtag_click\">#DiaDeLosDerechosHumanos<img loading=\"lazy\" decoding=\"async\" class=\"r-4qtqp9 r-dflpy8 r-9cviqr r-zw8f10 r-10akycc r-h9hxbl\" draggable=\"false\" src=\"https:\/\/abs.twimg.com\/hashflags\/Human_Rights_Day_2021\/Human_Rights_Day_2021.png\" alt=\"\" width=\"33\" height=\"33\" \/><\/a><\/span><span class=\"css-901oao css-16my406 r-poiln3 r-bcqeeo r-qvutc0\"> pedimos justicia sin impunidad. <\/span><\/div>\n<div class=\"css-1dbjc4n r-xoduu5\"><span class=\"r-18u37iz\"><a class=\"css-4rbku5 css-18t94o4 css-901oao css-16my406 r-1cvl2hr r-1loqt21 r-poiln3 r-bcqeeo r-qvutc0\" dir=\"ltr\" role=\"link\" href=\"https:\/\/twitter.com\/IvanCepedaCast\">@IvanCepedaCas<\/a><\/span><\/div>\n<div><img loading=\"lazy\" decoding=\"async\" class=\"css-9pa8cd\" draggable=\"true\" src=\"https:\/\/pbs.twimg.com\/media\/FGQqHgiXIAM4f3x?format=jpg&amp;name=large\" alt=\"Imagen\" width=\"389\" height=\"879\" \/><\/div>\n<\/div>\n<\/div>\n<\/div>\n<\/div>\n<\/div>\n<\/div>\n<\/div>\n<\/div>\n<\/div>\n<\/div>\n<\/div>\n<\/div>\n<\/div>\n<\/div>\n<\/div>\n<\/div>\n<\/div>\n<\/div>\n<\/div>\n<\/div>\n<\/div>\n<\/div>\n<\/div>\n<\/div>\n<\/div>\n<\/div>\n<\/div>\n<\/div>\n<\/div>\n<\/div>\n<\/div>\n","protected":false},"excerpt":{"rendered":"<p>Escrito por Rub\u00e9n V\u00e1squez para la Revista semanal Insurrecci\u00f3n n\u00famero 820 de\u00f1 Ej\u00e9rcito de Liberaci\u00f3n<\/p>\n","protected":false},"author":2,"featured_media":0,"comment_status":"open","ping_status":"open","sticky":false,"template":"","format":"standard","meta":{"h5ap_radio_sources":[],"footnotes":""},"categories":[21],"tags":[145,133,144],"class_list":["post-643","post","type-post","status-publish","format-standard","hentry","category-ranpal-org","tag-bananeras","tag-colombia","tag-masacres"],"_links":{"self":[{"href":"https:\/\/ranpal.org\/index.php?rest_route=\/wp\/v2\/posts\/643","targetHints":{"allow":["GET"]}}],"collection":[{"href":"https:\/\/ranpal.org\/index.php?rest_route=\/wp\/v2\/posts"}],"about":[{"href":"https:\/\/ranpal.org\/index.php?rest_route=\/wp\/v2\/types\/post"}],"author":[{"embeddable":true,"href":"https:\/\/ranpal.org\/index.php?rest_route=\/wp\/v2\/users\/2"}],"replies":[{"embeddable":true,"href":"https:\/\/ranpal.org\/index.php?rest_route=%2Fwp%2Fv2%2Fcomments&post=643"}],"version-history":[{"count":10,"href":"https:\/\/ranpal.org\/index.php?rest_route=\/wp\/v2\/posts\/643\/revisions"}],"predecessor-version":[{"id":654,"href":"https:\/\/ranpal.org\/index.php?rest_route=\/wp\/v2\/posts\/643\/revisions\/654"}],"wp:attachment":[{"href":"https:\/\/ranpal.org\/index.php?rest_route=%2Fwp%2Fv2%2Fmedia&parent=643"}],"wp:term":[{"taxonomy":"category","embeddable":true,"href":"https:\/\/ranpal.org\/index.php?rest_route=%2Fwp%2Fv2%2Fcategories&post=643"},{"taxonomy":"post_tag","embeddable":true,"href":"https:\/\/ranpal.org\/index.php?rest_route=%2Fwp%2Fv2%2Ftags&post=643"}],"curies":[{"name":"wp","href":"https:\/\/api.w.org\/{rel}","templated":true}]}}