{"id":6685,"date":"2023-05-04T09:37:52","date_gmt":"2023-05-04T09:37:52","guid":{"rendered":"https:\/\/ranpal.org\/?p=6685"},"modified":"2023-05-25T00:46:59","modified_gmt":"2023-05-25T00:46:59","slug":"inicia-tercer-ciclo-de-dialogos-gobierno-eln","status":"publish","type":"post","link":"https:\/\/ranpal.org\/?p=6685","title":{"rendered":"INICIA TERCER CICLO DE DI\u00c1LOGOS GOBIERNO ELN"},"content":{"rendered":"<p><iframe src=\"https:\/\/www.ivoox.com\/player_ej_107528300_6_1.html?c1=ed333b\" width=\"100%\" height=\"200\" frameborder=\"0\" allowfullscreen=\"\" scrolling=\"no\" loading=\"lazy\"><\/iframe>\t\t<\/p>\n<style>\/*! elementor - v3.13.3 - 22-05-2023 *\/\n.elementor-widget-image{text-align:center}.elementor-widget-image a{display:inline-block}.elementor-widget-image a img[src$=\".svg\"]{width:48px}.elementor-widget-image img{vertical-align:middle;display:inline-block}<\/style>\n<figure>\n\t\t\t\t\t\t\t\t\t\t\t<a href=\"https:\/\/ranpal.org\/inicia-tercer-ciclo-de-dialogos-gobierno-eln\/\" target=\"_blank\" rel=\"noopener\"><br \/>\n\t\t\t\t\t\t\t<img decoding=\"async\" src=\"https:\/\/ranpal.org\/Biblioteca\/elementor\/thumbs\/TERCER-CICLO-DIALOGO-q6sjvhtxfpi8nf83gwlo4ck29s1e8x4cos78nzfss0.jpg\" title=\"TERCER CICLO DI\u00c1LOGO\" alt=\"TERCER CICLO DI\u00c1LOGO\" loading=\"lazy\" \/>\t\t\t\t\t\t\t\t<\/a><figcaption>La Delegaci\u00f3n de Di\u00e1logos del ELN en la Habana trabaja para abrir caminos de participaci\u00f3n social y popular en la construcci\u00f3n de una Colombia realmente democr\u00e1tica. \u00a1Organ\u00edcese, participe y proponga!<\/figcaption><\/figure>\n<blockquote>\n<p><b>O<\/b>tro episodio de NOTIRANPAL, noticias en revoluci\u00f3n. <b>Expresi\u00f3n informativa popular e insurgente en el que nuestros Cros Norman Milciades, H\u00e9ctor Daniel Useche y Jhon Jairo P\u00e9rez presentan <\/b>otra mirada de los sucesos pol\u00edticos, sociales y alternativos que la medi\u00e1tica burguesa esconde o sataniza, en Colombia o el mundo.<\/p>\n<\/blockquote>\n<p><b>E<\/b>sta vez el inicio del Tercer Ciclo de conversaciones entre el gobierno de Petro y el Ej\u00e9rcito de liberaci\u00f3n Nacional, el p<b>lan de Desarrollo en recta final del Congreso, la resistencia Palestina, el asesinato cruel de un Defensor ambiental en EE.UU y agenda elena, entre otros<\/b>. \u00a1No se lo pierda!<\/p>\n<p><b>Ranpal \u00abVoz y sentir del pueblo colombiano\u00bb.<br \/>Bogot\u00e1 mi\u00e9rcoles 03 de mayo 2023.<\/b><\/p>\n<p>\t\t\t<a href=\"https:\/\/twitter.com\/juan86093997770\" target=\"_blank\" role=\"button\" rel=\"noopener\"><br \/>\n\t\t\t\t\t\t@Ramirodice2<br \/>\n\t\t\t\t\t<\/a><br \/>\n\t\t\t<a href=\"https:\/\/twitter.com\/antonioGaCDTE\" target=\"_blank\" role=\"button\" rel=\"noopener\"><br \/>\n\t\t\t\t\t\t@AntonioGaCDTE<br \/>\n\t\t\t\t\t<\/a><br \/>\n\t\t\t<a href=\"https:\/\/twitter.com\/DelegacionEln\" role=\"button\"><br \/>\n\t\t\t\t\t\t@Delegaci\u00f3nELN<br \/>\n\t\t\t\t\t<\/a><\/p>\n","protected":false},"excerpt":{"rendered":"<p>La Delegaci\u00f3n de Di\u00e1logos del ELN en la Habana trabaja para abrir caminos de participaci\u00f3n<\/p>\n","protected":false},"author":2,"featured_media":0,"comment_status":"open","ping_status":"open","sticky":false,"template":"","format":"standard","meta":{"h5ap_radio_sources":[],"footnotes":""},"categories":[449,457],"tags":[315,320,325],"class_list":["post-6685","post","type-post","status-publish","format-standard","hentry","category-https-eln-voces-net-2025-07-28-gentrificacion-otra-cara-del-despojo-noticiero-impacto-colombiano","category-mesa-de-dialogos","tag-eln-58-anos","tag-noticias","tag-notiranpal"],"_links":{"self":[{"href":"https:\/\/ranpal.org\/index.php?rest_route=\/wp\/v2\/posts\/6685","targetHints":{"allow":["GET"]}}],"collection":[{"href":"https:\/\/ranpal.org\/index.php?rest_route=\/wp\/v2\/posts"}],"about":[{"href":"https:\/\/ranpal.org\/index.php?rest_route=\/wp\/v2\/types\/post"}],"author":[{"embeddable":true,"href":"https:\/\/ranpal.org\/index.php?rest_route=\/wp\/v2\/users\/2"}],"replies":[{"embeddable":true,"href":"https:\/\/ranpal.org\/index.php?rest_route=%2Fwp%2Fv2%2Fcomments&post=6685"}],"version-history":[{"count":39,"href":"https:\/\/ranpal.org\/index.php?rest_route=\/wp\/v2\/posts\/6685\/revisions"}],"predecessor-version":[{"id":7001,"href":"https:\/\/ranpal.org\/index.php?rest_route=\/wp\/v2\/posts\/6685\/revisions\/7001"}],"wp:attachment":[{"href":"https:\/\/ranpal.org\/index.php?rest_route=%2Fwp%2Fv2%2Fmedia&parent=6685"}],"wp:term":[{"taxonomy":"category","embeddable":true,"href":"https:\/\/ranpal.org\/index.php?rest_route=%2Fwp%2Fv2%2Fcategories&post=6685"},{"taxonomy":"post_tag","embeddable":true,"href":"https:\/\/ranpal.org\/index.php?rest_route=%2Fwp%2Fv2%2Ftags&post=6685"}],"curies":[{"name":"wp","href":"https:\/\/api.w.org\/{rel}","templated":true}]}}