{"id":6827,"date":"2023-05-14T04:11:19","date_gmt":"2023-05-14T04:11:19","guid":{"rendered":"https:\/\/ranpal.org\/?p=6827"},"modified":"2023-06-04T16:52:52","modified_gmt":"2023-06-04T16:52:52","slug":"delegacion-de-dialogos-pide-al-presidente-claridad","status":"publish","type":"post","link":"https:\/\/ranpal.org\/?p=6827","title":{"rendered":"DELEGACI\u00d3N DE DI\u00c1LOGOS PIDE AL PRESIDENTE CLARIDAD"},"content":{"rendered":"<p>UR<b>GENTE:<\/b><\/p>\n<blockquote>\n<p><b>E<\/b>n reciente comunicado oficial publicado a trav\u00e9s de su cuenta de Tweter <b>la Delegaci\u00f3n del Ej\u00e9rcito de Liberaci\u00f3n Nacional (ELN) pide al presidente de la Rep\u00fablica Gustavo Petro que \u00abdefina si su Gobierno sigue considerando que \u00e9ste es un proceso pol\u00edtico serio\u201d.<\/b><\/p>\n<p style=\"margin-bottom: 0px; font-variant-numeric: normal; font-variant-east-asian: normal; font-variant-alternates: normal; font-kerning: auto; font-optical-sizing: auto; font-feature-settings: normal; font-variation-settings: normal; font-stretch: normal; font-size: 18px; line-height: normal; font-family: &quot;Helvetica Light&quot;; color: rgb(0, 0, 0); -webkit-text-stroke-color: rgb(0, 0, 0); letter-spacing: normal; text-align: start;\"><b>Ranpal \u201cComunicamos para vencer\u201d.<\/b><\/p>\n<p style=\"margin-bottom: 0px; font-variant-numeric: normal; font-variant-east-asian: normal; font-variant-alternates: normal; font-kerning: auto; font-optical-sizing: auto; font-feature-settings: normal; font-variation-settings: normal; font-stretch: normal; font-size: 18px; line-height: normal; font-family: &quot;Helvetica Light&quot;; color: rgb(0, 0, 0); -webkit-text-stroke-color: rgb(0, 0, 0); letter-spacing: normal; text-align: start;\"><b>Bogot\u00e1 s\u00e1bado 13 de Mayo 2023.<\/b><\/p>\n<\/blockquote>\n<style>\/*! elementor - v3.13.3 - 22-05-2023 *\/\n.elementor-widget-image{text-align:center}.elementor-widget-image a{display:inline-block}.elementor-widget-image a img[src$=\".svg\"]{width:48px}.elementor-widget-image img{vertical-align:middle;display:inline-block}<\/style>\n<figure>\n\t\t\t\t\t\t\t\t\t\t\t<a href=\"https:\/\/twitter.com\/DelegacionEln\" target=\"_blank\" rel=\"noopener\"><br \/>\n\t\t\t\t\t\t\t<img decoding=\"async\" src=\"https:\/\/ranpal.org\/Biblioteca\/elementor\/thumbs\/COMUNICADO-DELEGACION-ULTIMO-q6sjvlla71ndxv2muy86eblwnbiv3pja1at69iio00.jpg\" title=\"COMUNICADO DELEGACIO\u0301N U\u0301LTIMO\" alt=\"COMUNICADO DELEGACIO\u0301N U\u0301LTIMO\" loading=\"lazy\" \/>\t\t\t\t\t\t\t\t<\/a><figcaption>Facs\u00edmil del comunicado reciente de la Delegaci\u00f3n de Di\u00e1logos del ELN en Cuba, durante el desarrollo del Tercer Ciclo de conversaciones con los Delegados del Gobierno colombiano, acompa\u00f1antes y garantes.<\/figcaption><\/figure>\n<p>\t\t\t<a role=\"button\"><br \/>\n\t\t\t\t\t\tTweter: @Ramirodice2<br \/>\n\t\t\t\t\t<\/a><\/p>\n","protected":false},"excerpt":{"rendered":"<p>URGENTE: En reciente comunicado oficial publicado a trav\u00e9s de su cuenta de Tweter la Delegaci\u00f3n<\/p>\n","protected":false},"author":2,"featured_media":0,"comment_status":"open","ping_status":"closed","sticky":false,"template":"","format":"standard","meta":{"h5ap_radio_sources":[],"footnotes":""},"categories":[457],"tags":[443,423,296,444],"class_list":["post-6827","post","type-post","status-publish","format-standard","hentry","category-mesa-de-dialogos","tag-comunicados","tag-delegacion","tag-petro","tag-urgente"],"_links":{"self":[{"href":"https:\/\/ranpal.org\/index.php?rest_route=\/wp\/v2\/posts\/6827","targetHints":{"allow":["GET"]}}],"collection":[{"href":"https:\/\/ranpal.org\/index.php?rest_route=\/wp\/v2\/posts"}],"about":[{"href":"https:\/\/ranpal.org\/index.php?rest_route=\/wp\/v2\/types\/post"}],"author":[{"embeddable":true,"href":"https:\/\/ranpal.org\/index.php?rest_route=\/wp\/v2\/users\/2"}],"replies":[{"embeddable":true,"href":"https:\/\/ranpal.org\/index.php?rest_route=%2Fwp%2Fv2%2Fcomments&post=6827"}],"version-history":[{"count":25,"href":"https:\/\/ranpal.org\/index.php?rest_route=\/wp\/v2\/posts\/6827\/revisions"}],"predecessor-version":[{"id":7082,"href":"https:\/\/ranpal.org\/index.php?rest_route=\/wp\/v2\/posts\/6827\/revisions\/7082"}],"wp:attachment":[{"href":"https:\/\/ranpal.org\/index.php?rest_route=%2Fwp%2Fv2%2Fmedia&parent=6827"}],"wp:term":[{"taxonomy":"category","embeddable":true,"href":"https:\/\/ranpal.org\/index.php?rest_route=%2Fwp%2Fv2%2Fcategories&post=6827"},{"taxonomy":"post_tag","embeddable":true,"href":"https:\/\/ranpal.org\/index.php?rest_route=%2Fwp%2Fv2%2Ftags&post=6827"}],"curies":[{"name":"wp","href":"https:\/\/api.w.org\/{rel}","templated":true}]}}