{"id":7153,"date":"2023-07-18T00:00:40","date_gmt":"2023-07-18T00:00:40","guid":{"rendered":"https:\/\/ranpal.org\/?p=7153"},"modified":"2023-07-18T00:02:06","modified_gmt":"2023-07-18T00:02:06","slug":"sociedad-civil-corazon-del-proceso-de-paz-carbonell","status":"publish","type":"post","link":"https:\/\/ranpal.org\/?p=7153","title":{"rendered":"SOCIEDAD CIVIL CORAZ\u00d3N DEL PROCESO DE PAZ: CARBONELL"},"content":{"rendered":"<p>\u201cLa sociedad civil es el coraz\u00f3n del proceso de paz entre ELN y gobierno\u201d: Carbonell<\/p>\n<p>En di\u00e1logo exclusivo con Caracol Radio, Aureliano Carbonell, integrante de la delegaci\u00f3n del ELN, asegur\u00f3 que, a trav\u00e9s del Comit\u00e9 Nacional de la Participaci\u00f3n, la sociedad civil tendr\u00e1 asegurado un papel determinante para el proceso de paz.<\/p>\n<p>Entrevista realizada por Cristina Navarro el d\u00eda<br \/>\n16\/07\/2023 a  las 13:35 horas de Colmbia.<\/p>\n<p>\u201cLa participaci\u00f3n de la sociedad es el primer punto de la agenda y tal como se ha dicho conjuntamente es el coraz\u00f3n de este proceso, ser\u00e1 un reto, es algo complejo, pero s\u00ed lo logramos ser\u00e1 una expresi\u00f3n de democracia\u201d.<\/p>\n<p>Su objetivo principal es facilitar la fase de dise\u00f1o de la participaci\u00f3n de la sociedad en la construcci\u00f3n de paz y la vocer\u00eda estar\u00e1 a cargo de su organismo de coordinaci\u00f3n.<\/p>\n<p>\u201cQueremos que la sociedad diga c\u00f3mo ve valida su participaci\u00f3n y que esta sea afectiva. Despu\u00e9s vendr\u00edan dos fases m\u00e1s\u201d.<\/p>\n<p>Aureliano Carbonell, integrante de la delegaci\u00f3n del ELN, entreg\u00f3 detalles de los tiempos de cada fase que busca que sea desde los territorios para que la sociedad civil pueda participar.<\/p>\n<p>\u201cLa fase de dise\u00f1o est\u00e1 pensada para que termine este a\u00f1o. Ya el otro a\u00f1o estar\u00eda enfocado a la fase de participaci\u00f3n propiamente y este proceso estar\u00eda terminando en el primer semestre del 2025\u2033.<\/p>\n<p>Se tienen proyectados encuentros nacionales y regionales para recopilar las ideas de la sociedad civil.<\/p>\n<p>\u201cAspiramos a desarrollar unos 15 procesos de car\u00e1cter nacional con trabajadores, campesinos, ind\u00edgenas, afros. Despu\u00e9s de octubre ser\u00edan las partes territoriales y hemos acordado nueve regiones, pero Antioquia tendr\u00e1 un foco particular\u201d.<\/p>\n<p>Para Aureliano Carbonell, integrante de la delegaci\u00f3n del ELN, lo m\u00e1s importante es buscar generar otras realidades en el pa\u00eds y un contexto de paz y buscar un gran acuerdo nacional que enrumbe a Colombia por otros caminos. Ambas delegaciones esperan que haya una gran participaci\u00f3n de la sociedad y que sea efectiva para el proceso de paz.<\/p>\n<p><a href=\"https:\/\/caracol.com.co\/2023\/07\/16\/la-sociedad-civil-es-el-corazon-del-proceso-de-paz-entre-eln-y-gobierno-carbonell\/\" rel=\"noopener\" target=\"_blank\">\u201cLa sociedad civil es el coraz\u00f3n del proceso de paz entre ELN y gobierno\u201d: Carbonell<\/a><\/p>\n","protected":false},"excerpt":{"rendered":"<p>\u201cLa sociedad civil es el coraz\u00f3n del proceso de paz entre ELN y gobierno\u201d: Carbonell<\/p>\n","protected":false},"author":2,"featured_media":0,"comment_status":"open","ping_status":"open","sticky":false,"template":"","format":"standard","meta":{"h5ap_radio_sources":[],"footnotes":""},"categories":[460],"tags":[],"class_list":["post-7153","post","type-post","status-publish","format-standard","hentry","category-mesa-de-dialogos-2"],"_links":{"self":[{"href":"https:\/\/ranpal.org\/index.php?rest_route=\/wp\/v2\/posts\/7153","targetHints":{"allow":["GET"]}}],"collection":[{"href":"https:\/\/ranpal.org\/index.php?rest_route=\/wp\/v2\/posts"}],"about":[{"href":"https:\/\/ranpal.org\/index.php?rest_route=\/wp\/v2\/types\/post"}],"author":[{"embeddable":true,"href":"https:\/\/ranpal.org\/index.php?rest_route=\/wp\/v2\/users\/2"}],"replies":[{"embeddable":true,"href":"https:\/\/ranpal.org\/index.php?rest_route=%2Fwp%2Fv2%2Fcomments&post=7153"}],"version-history":[{"count":1,"href":"https:\/\/ranpal.org\/index.php?rest_route=\/wp\/v2\/posts\/7153\/revisions"}],"predecessor-version":[{"id":7154,"href":"https:\/\/ranpal.org\/index.php?rest_route=\/wp\/v2\/posts\/7153\/revisions\/7154"}],"wp:attachment":[{"href":"https:\/\/ranpal.org\/index.php?rest_route=%2Fwp%2Fv2%2Fmedia&parent=7153"}],"wp:term":[{"taxonomy":"category","embeddable":true,"href":"https:\/\/ranpal.org\/index.php?rest_route=%2Fwp%2Fv2%2Fcategories&post=7153"},{"taxonomy":"post_tag","embeddable":true,"href":"https:\/\/ranpal.org\/index.php?rest_route=%2Fwp%2Fv2%2Ftags&post=7153"}],"curies":[{"name":"wp","href":"https:\/\/api.w.org\/{rel}","templated":true}]}}