{"id":7218,"date":"2023-07-31T18:11:52","date_gmt":"2023-07-31T18:11:52","guid":{"rendered":"https:\/\/ranpal.org\/?p=7218"},"modified":"2023-07-31T18:36:46","modified_gmt":"2023-07-31T18:36:46","slug":"una-oportunidad-para-la-paz","status":"publish","type":"post","link":"https:\/\/ranpal.org\/?p=7218","title":{"rendered":"UNA OPORTUNIDAD PARA LA PAZ"},"content":{"rendered":"<p>Editorial semanal de la Insurrecci\u00f3n n\u00famero 906 escrito por el Comando Central (COCE) del Ej\u00e9rcito de Liberaci\u00f3n Nacional (ELN) de Colombia y publicado en el portal <a href=\"http:\/\/www.eln-voces.net\">www.eln-voces.net<\/a> el lunes 31 de julio 2021.<\/p>\n<p>El momento que vive Colombia es de cambio, impulsado por las mayor\u00edas y obstaculizado por la \u00e9lite tradicional. Para servir a esta transici\u00f3n democr\u00e1tica el Gobierno Nacional y el Ej\u00e9rcito de Liberaci\u00f3n Nacional convocan a la sociedad a participar en este proceso de paz, en el que la gente  es un actor protag\u00f3nico para decir c\u00f3mo ve el pa\u00eds y qu\u00e9 transformaciones necesita, en un ejercicio de movilizaci\u00f3n pol\u00edtica que busca indagar las causas del conflicto interno, para proponer soluciones de fondo para ellas; m\u00e1s all\u00e1 de hacer diagn\u00f3sticos propone que todos cambiemos para que Colombia cambie, asumiendo compromisos desde ya. Modelo de soluci\u00f3n pol\u00edtica del conflicto que aspira a dejar atr\u00e1s la vieja receta de pacificaci\u00f3n.<\/p>\n<p>Ranpal.\u00bbVoz y sentir del pueblo colombiano\u00bb.<br \/>\nBogot\u00e1 lunes 31 julio 2023.<\/p>\n<p><iframe src=\"https:\/\/www.ivoox.com\/player_ej_113471449_6_1.html?c1=f66151\" width=\"100%\" height=\"200\" frameborder=\"0\" allowfullscreen=\"\" scrolling=\"no\" loading=\"lazy\"><\/iframe><\/p>\n","protected":false},"excerpt":{"rendered":"<p>Editorial semanal de la Insurrecci\u00f3n n\u00famero 906 escrito por el Comando Central (COCE) del Ej\u00e9rcito<\/p>\n","protected":false},"author":2,"featured_media":0,"comment_status":"open","ping_status":"open","sticky":false,"template":"","format":"standard","meta":{"h5ap_radio_sources":[],"footnotes":""},"categories":[15],"tags":[18,30,466,233],"class_list":["post-7218","post","type-post","status-publish","format-standard","hentry","category-editorial","tag-coce","tag-editorial","tag-eln-59-anos","tag-revista-insurreccion"],"_links":{"self":[{"href":"https:\/\/ranpal.org\/index.php?rest_route=\/wp\/v2\/posts\/7218","targetHints":{"allow":["GET"]}}],"collection":[{"href":"https:\/\/ranpal.org\/index.php?rest_route=\/wp\/v2\/posts"}],"about":[{"href":"https:\/\/ranpal.org\/index.php?rest_route=\/wp\/v2\/types\/post"}],"author":[{"embeddable":true,"href":"https:\/\/ranpal.org\/index.php?rest_route=\/wp\/v2\/users\/2"}],"replies":[{"embeddable":true,"href":"https:\/\/ranpal.org\/index.php?rest_route=%2Fwp%2Fv2%2Fcomments&post=7218"}],"version-history":[{"count":2,"href":"https:\/\/ranpal.org\/index.php?rest_route=\/wp\/v2\/posts\/7218\/revisions"}],"predecessor-version":[{"id":7224,"href":"https:\/\/ranpal.org\/index.php?rest_route=\/wp\/v2\/posts\/7218\/revisions\/7224"}],"wp:attachment":[{"href":"https:\/\/ranpal.org\/index.php?rest_route=%2Fwp%2Fv2%2Fmedia&parent=7218"}],"wp:term":[{"taxonomy":"category","embeddable":true,"href":"https:\/\/ranpal.org\/index.php?rest_route=%2Fwp%2Fv2%2Fcategories&post=7218"},{"taxonomy":"post_tag","embeddable":true,"href":"https:\/\/ranpal.org\/index.php?rest_route=%2Fwp%2Fv2%2Ftags&post=7218"}],"curies":[{"name":"wp","href":"https:\/\/api.w.org\/{rel}","templated":true}]}}