{"id":7226,"date":"2023-08-01T02:29:39","date_gmt":"2023-08-01T02:29:39","guid":{"rendered":"https:\/\/ranpal.org\/?p=7226"},"modified":"2023-08-01T02:29:39","modified_gmt":"2023-08-01T02:29:39","slug":"comando-central-eln-ordena-cese-el-fuego","status":"publish","type":"post","link":"https:\/\/ranpal.org\/?p=7226","title":{"rendered":"COMANDO CENTRAL ELN ORDENA CESE EL FUEGO"},"content":{"rendered":"<p>Mediante comunicado p\u00fablico el Cmte Antonio Garcia, Primer responsable del Ej\u00e9rcito de Liberaci\u00f3n Nacional (ELN) de Colombia anuncia oficialmente Cese el Fuego Bilateral, Nacional y Temporal a partir del pr\u00f3ximo 3 de agosto.<br \/>\n<a href=\"https:\/\/twitter.com\/i\/status\/1685991682360147968\">\u00d3rden para el Cese el Fuego Bilateral Nacional y Temporal.<\/a> <\/p>\n<p>Ese d\u00eda tambi\u00e9n se instalar\u00e1 el Comit\u00e9 Nacional Participaci\u00f3n <\/p>\n<p>Lea aqu\u00ed el Comunicado oficial No 13<br \/>\n<a href=\"https:\/\/twitter.com\/DelegacionEln\/status\/1686050366083809289\/photo\/1\">Comunicado Nro 13 de las Delegaciones de Di\u00e1logos Gobierno de Colombia y el ELN.<\/a><\/p>\n","protected":false},"excerpt":{"rendered":"<p>Mediante comunicado p\u00fablico el Cmte Antonio Garcia, Primer responsable del Ej\u00e9rcito de Liberaci\u00f3n Nacional (ELN)<\/p>\n","protected":false},"author":2,"featured_media":0,"comment_status":"open","ping_status":"open","sticky":false,"template":"","format":"standard","meta":{"h5ap_radio_sources":[],"footnotes":""},"categories":[456,457],"tags":[204,471,338,5],"class_list":["post-7226","post","type-post","status-publish","format-standard","hentry","category-comunicados-coce","category-mesa-de-dialogos","tag-cese-el-fuego","tag-cnp","tag-dialogos","tag-eln"],"_links":{"self":[{"href":"https:\/\/ranpal.org\/index.php?rest_route=\/wp\/v2\/posts\/7226","targetHints":{"allow":["GET"]}}],"collection":[{"href":"https:\/\/ranpal.org\/index.php?rest_route=\/wp\/v2\/posts"}],"about":[{"href":"https:\/\/ranpal.org\/index.php?rest_route=\/wp\/v2\/types\/post"}],"author":[{"embeddable":true,"href":"https:\/\/ranpal.org\/index.php?rest_route=\/wp\/v2\/users\/2"}],"replies":[{"embeddable":true,"href":"https:\/\/ranpal.org\/index.php?rest_route=%2Fwp%2Fv2%2Fcomments&post=7226"}],"version-history":[{"count":1,"href":"https:\/\/ranpal.org\/index.php?rest_route=\/wp\/v2\/posts\/7226\/revisions"}],"predecessor-version":[{"id":7228,"href":"https:\/\/ranpal.org\/index.php?rest_route=\/wp\/v2\/posts\/7226\/revisions\/7228"}],"wp:attachment":[{"href":"https:\/\/ranpal.org\/index.php?rest_route=%2Fwp%2Fv2%2Fmedia&parent=7226"}],"wp:term":[{"taxonomy":"category","embeddable":true,"href":"https:\/\/ranpal.org\/index.php?rest_route=%2Fwp%2Fv2%2Fcategories&post=7226"},{"taxonomy":"post_tag","embeddable":true,"href":"https:\/\/ranpal.org\/index.php?rest_route=%2Fwp%2Fv2%2Ftags&post=7226"}],"curies":[{"name":"wp","href":"https:\/\/api.w.org\/{rel}","templated":true}]}}