{"id":7238,"date":"2023-08-03T02:49:50","date_gmt":"2023-08-03T02:49:50","guid":{"rendered":"https:\/\/ranpal.org\/?p=7238"},"modified":"2023-08-05T01:37:33","modified_gmt":"2023-08-05T01:37:33","slug":"7238-2","status":"publish","type":"post","link":"https:\/\/ranpal.org\/?p=7238","title":{"rendered":"ESTRUCTURAS DEL ELN  COMPROMETIDAS CON CESE EL FUEGO"},"content":{"rendered":"<p>*ATENCI\u00d3N<br \/>\nEN COMUNICADO P\u00daBLICO LOS FRENTES DE GUERRA DE EJ\u00c9RCITO DE LIBERACI\u00d3N NACIONAL (ELN) ANUNCIAN QUE: <\/p>\n<p>\u00abAcatan la orden de Cese el Fuego Bilateral Nacional y Temporal dado por el Comando Central (COCE) a trav\u00e9s de nuestro Primer Comandante Antonio Garcia\u00bb&#8230; manifiestan el Frente de Guerra Urbano Nacional, el Frente de Guerra Occidental, el Frente de Guerra Oriental, el Frente de Guerra Norte y las Estructuras Politico-Militares en el pa\u00eds\u00bb.<br \/>\n<a href=\"https:\/\/insurgenciaurbana-eln.net\/comunicado-a-la-opinion-publica-9\/\">COMUNICADO A LA OPINI\u00d3N P\u00daBLICA FG URBANO NACIONAL CMTE EN JEFE CAMILO TORRES RESTREPO<\/a><\/p>\n<p>.\ud83d\udea8 FIRMES Y COMPROMETIDOS |#ELNSiempreJuntoAlPueblo<\/p>\n<p>*COMUNICADO DEL FRENTE DE GUERRA ORIENTAL CMTE EN JEFE MANUEL V\u00c1SQUE CASTA\u00d1O:<br \/>\n<a href=\"https:\/\/fgoriental.net\/asumimos-el-compromiso-del-cese-al-fuego\/\">ASUMIMOS EL COMPROMISO DEL CESE AL FUEGO<\/a><\/p>\n<p>*COMUNICADO A LA OPINI\u00d3N P\u00daBLICA NACIONAL E INTERNACIONAL SOBRE CESE EL FUEGO DEL FGNORTE.<\/p>\n<p><a href=\"https:\/\/twitter.com\/Karibe_Rebelde\" rel=\"noopener\" target=\"_blank\">KARIBE\u00d1O REBELDE<\/a><\/p>\n<p>Estamos firmes y comprometidos con los sue\u00f1os de #Paz y las transformaciones, para el publo Colombiano.<\/p>\n<p>Visita \ud83d\udc47<br \/>\n<a href=\"https:\/\/fgnorte.net\" rel=\"noopener\" target=\"_blank\">Frente de Guerra Norte Cmte Jos\u00e9 Manuel Mart\u00ednez Quir\u00f3z<\/a><\/p>\n<p>*<a href=\"https:\/\/twitter.com\/i\/status\/1687616008318570496\">VIDEO sobre la postura del FGN del ELN sobre el Cese el Fuego.<\/a><\/p>\n<p>#ELNSiempreConElPueblo<br \/>\nCOMUNICADO DEL FRENTE DE GUERRA OCCIDENTAL OMAR G\u00d3MEZ<br \/>\n<a href=\"https:\/\/twitter.com\/i\/status\/1687125952839524352\">COMUNICADO FGOCCIDENTAL OMAR G\u00d3MEZ<\/a><\/p>\n<p>#ELNComprometidoConLaPaz<br \/>\nCOMUNICADO DEL FRENTE DE GUERRA NORORIENTAL<br \/>\n<a href=\"https:\/\/fgmanuelperez.org\/2023\/08\/04\/comunicado-del-frente-de-guerra-nororiental\/\">COMUNICADO P\u00daBLICO DEL FGNO CMTE EN JEFE MANUEL P\u00c9REZ MART\u00cdNEZ<\/a><\/p>\n","protected":false},"excerpt":{"rendered":"<p>*ATENCI\u00d3N EN COMUNICADO P\u00daBLICO LOS FRENTES DE GUERRA DE EJ\u00c9RCITO DE LIBERACI\u00d3N NACIONAL (ELN) ANUNCIAN<\/p>\n","protected":false},"author":2,"featured_media":0,"comment_status":"open","ping_status":"open","sticky":false,"template":"","format":"standard","meta":{"h5ap_radio_sources":[],"footnotes":""},"categories":[458,21],"tags":[204,473,474],"class_list":["post-7238","post","type-post","status-publish","format-standard","hentry","category-frentes-de-guerra-eln","category-ranpal-org","tag-cese-el-fuego","tag-fgnorte","tag-karibeno-rebelde"],"_links":{"self":[{"href":"https:\/\/ranpal.org\/index.php?rest_route=\/wp\/v2\/posts\/7238","targetHints":{"allow":["GET"]}}],"collection":[{"href":"https:\/\/ranpal.org\/index.php?rest_route=\/wp\/v2\/posts"}],"about":[{"href":"https:\/\/ranpal.org\/index.php?rest_route=\/wp\/v2\/types\/post"}],"author":[{"embeddable":true,"href":"https:\/\/ranpal.org\/index.php?rest_route=\/wp\/v2\/users\/2"}],"replies":[{"embeddable":true,"href":"https:\/\/ranpal.org\/index.php?rest_route=%2Fwp%2Fv2%2Fcomments&post=7238"}],"version-history":[{"count":10,"href":"https:\/\/ranpal.org\/index.php?rest_route=\/wp\/v2\/posts\/7238\/revisions"}],"predecessor-version":[{"id":7252,"href":"https:\/\/ranpal.org\/index.php?rest_route=\/wp\/v2\/posts\/7238\/revisions\/7252"}],"wp:attachment":[{"href":"https:\/\/ranpal.org\/index.php?rest_route=%2Fwp%2Fv2%2Fmedia&parent=7238"}],"wp:term":[{"taxonomy":"category","embeddable":true,"href":"https:\/\/ranpal.org\/index.php?rest_route=%2Fwp%2Fv2%2Fcategories&post=7238"},{"taxonomy":"post_tag","embeddable":true,"href":"https:\/\/ranpal.org\/index.php?rest_route=%2Fwp%2Fv2%2Ftags&post=7238"}],"curies":[{"name":"wp","href":"https:\/\/api.w.org\/{rel}","templated":true}]}}