{"id":7253,"date":"2023-08-06T04:22:56","date_gmt":"2023-08-06T04:22:56","guid":{"rendered":"https:\/\/ranpal.org\/?p=7253"},"modified":"2023-08-06T04:56:43","modified_gmt":"2023-08-06T04:56:43","slug":"que-el-regimen-no-persiga-ni-extermine-mas-cmte-pablo-beltran","status":"publish","type":"post","link":"https:\/\/ranpal.org\/?p=7253","title":{"rendered":"QUE EL R\u00c9GIMEN NO PERSIGA NI EXTERMINE M\u00c1S: CMTE PABLO BELTR\u00c1N"},"content":{"rendered":"<p>Reflexiones memorables del Comandante Pablo Beltr\u00e1n el d\u00eda 03 de agosto del 2023 al momento de la instalaci\u00f3n del Comit\u00e9 Nacional de Participaci\u00f3n (CNP) en Programa Especial llevado a cabo en Corferias de Bogot\u00e1 y con la presencia del Presidente Colombiano Gustavo Petro, las delegaciones del gobierno y el ELN. El CNP durante los siguientes 6 meses realizar\u00e1 un proceso de dise\u00f1o, consultas y participaci\u00f3n de las mayor\u00edas en todo el territorio colombiano para darle voz y protagonismo a los Nadie.<\/p>\n<p>Ranpal \u00abComunicaci\u00f3n para la unidad y emancipaci\u00f3n popular\u00bb.<br \/>\nBogot\u00e1 s\u00e1bado 05 agosto 2023.<\/p>\n<p><iframe src=\"https:\/\/www.ivoox.com\/player_ej_113765890_6_1.html?c1=ed333b\" width=\"100%\" height=\"200\" frameborder=\"0\" allowfullscreen=\"\" scrolling=\"no\" loading=\"lazy\"><\/iframe><\/p>\n<p>INTERVENCI\u00d3N DEL CMTE PABLO BELTR\u00c1N EN LA INSTALACI\u00d3N DE CNP. Transmisi\u00f3n del RTVE Noticias.<br \/>\n*<a href=\"https:\/\/youtu.be\/84xP4El6L1A?t=4613\">Palabras del Cmte Pablo Beltr\u00e1n el 03 de agosto en Corferias, Bogot\u00e1.<\/a><\/p>\n","protected":false},"excerpt":{"rendered":"<p>Reflexiones memorables del Comandante Pablo Beltr\u00e1n el d\u00eda 03 de agosto del 2023 al momento<\/p>\n","protected":false},"author":2,"featured_media":0,"comment_status":"open","ping_status":"open","sticky":false,"template":"","format":"standard","meta":{"h5ap_radio_sources":[],"footnotes":""},"categories":[457],"tags":[26,133,381,138],"class_list":["post-7253","post","type-post","status-publish","format-standard","hentry","category-mesa-de-dialogos","tag-cmte-beltran","tag-colombia","tag-mesa-de-dialogos","tag-paz"],"_links":{"self":[{"href":"https:\/\/ranpal.org\/index.php?rest_route=\/wp\/v2\/posts\/7253","targetHints":{"allow":["GET"]}}],"collection":[{"href":"https:\/\/ranpal.org\/index.php?rest_route=\/wp\/v2\/posts"}],"about":[{"href":"https:\/\/ranpal.org\/index.php?rest_route=\/wp\/v2\/types\/post"}],"author":[{"embeddable":true,"href":"https:\/\/ranpal.org\/index.php?rest_route=\/wp\/v2\/users\/2"}],"replies":[{"embeddable":true,"href":"https:\/\/ranpal.org\/index.php?rest_route=%2Fwp%2Fv2%2Fcomments&post=7253"}],"version-history":[{"count":7,"href":"https:\/\/ranpal.org\/index.php?rest_route=\/wp\/v2\/posts\/7253\/revisions"}],"predecessor-version":[{"id":7263,"href":"https:\/\/ranpal.org\/index.php?rest_route=\/wp\/v2\/posts\/7253\/revisions\/7263"}],"wp:attachment":[{"href":"https:\/\/ranpal.org\/index.php?rest_route=%2Fwp%2Fv2%2Fmedia&parent=7253"}],"wp:term":[{"taxonomy":"category","embeddable":true,"href":"https:\/\/ranpal.org\/index.php?rest_route=%2Fwp%2Fv2%2Fcategories&post=7253"},{"taxonomy":"post_tag","embeddable":true,"href":"https:\/\/ranpal.org\/index.php?rest_route=%2Fwp%2Fv2%2Ftags&post=7253"}],"curies":[{"name":"wp","href":"https:\/\/api.w.org\/{rel}","templated":true}]}}