{"id":7351,"date":"2023-09-04T20:43:00","date_gmt":"2023-09-04T20:43:00","guid":{"rendered":"https:\/\/ranpal.org\/?p=7351"},"modified":"2023-09-04T20:44:43","modified_gmt":"2023-09-04T20:44:43","slug":"acuerdo-conciliacion-o-reconciliacion","status":"publish","type":"post","link":"https:\/\/ranpal.org\/?p=7351","title":{"rendered":"ACUERDO, CONCILIACI\u00d3N O RECONCILIACI\u00d3N"},"content":{"rendered":"<p>Editorial Revista semanal Insurrecci\u00f3n n\u00famero 911 escrito por el Comando Central (COCE) del Ej\u00e9rcito de Liberaci\u00f3n Nacional (ELN) y publicado este lunes 04 de septiembre en el portal <a href=\"http:\/\/www.eln-voces.net\" rel=\"noopener\" target=\"_blank\">eln-voces.net<\/a><\/p>\n<p>Lo que distingue al viejo r\u00e9gimen que exacerb\u00f3 el conflicto es el desconocimiento, persecuci\u00f3n y exterminio a quien piensa distinto y se le opone, tal m\u00e9todo de imponer unos intereses<br \/>\nminoritarios \u2018est\u00e1 mandado a recoger\u2019, pues nunca fundaron un proyecto de pa\u00eds en la conciliaci\u00f3n y por esto no existe un punto de partida para hoy hablar de reconciliaci\u00f3n; lo que le sirve a la sociedad colombiana es recorrer una camino de soluci\u00f3n pol\u00edtica del conflicto,<br \/>\nbasado en la construcci\u00f3n de un nuevo consenso plasmado en un acuerdo nacional, para desarrollar una agenda de transformaciones que haga realidad la paz.<\/p>\n<p>Ranpal \u00abVoz insurgente del pueblo colombiano\u00bb.<br \/>\nBogot\u00e1 lunes 04 septiembre 2023.<\/p>\n<p><iframe src=\"https:\/\/www.ivoox.com\/player_ej_115424464_6_1.html?c1=dd2837\" width=\"100%\" height=\"200\" frameborder=\"0\" allowfullscreen=\"\" scrolling=\"no\" loading=\"lazy\"><\/iframe><\/p>\n","protected":false},"excerpt":{"rendered":"<p>Editorial Revista semanal Insurrecci\u00f3n n\u00famero 911 escrito por el Comando Central (COCE) del Ej\u00e9rcito de<\/p>\n","protected":false},"author":2,"featured_media":0,"comment_status":"open","ping_status":"open","sticky":false,"template":"","format":"standard","meta":{"h5ap_radio_sources":[],"footnotes":""},"categories":[15],"tags":[18,30,466,233],"class_list":["post-7351","post","type-post","status-publish","format-standard","hentry","category-editorial","tag-coce","tag-editorial","tag-eln-59-anos","tag-revista-insurreccion"],"_links":{"self":[{"href":"https:\/\/ranpal.org\/index.php?rest_route=\/wp\/v2\/posts\/7351","targetHints":{"allow":["GET"]}}],"collection":[{"href":"https:\/\/ranpal.org\/index.php?rest_route=\/wp\/v2\/posts"}],"about":[{"href":"https:\/\/ranpal.org\/index.php?rest_route=\/wp\/v2\/types\/post"}],"author":[{"embeddable":true,"href":"https:\/\/ranpal.org\/index.php?rest_route=\/wp\/v2\/users\/2"}],"replies":[{"embeddable":true,"href":"https:\/\/ranpal.org\/index.php?rest_route=%2Fwp%2Fv2%2Fcomments&post=7351"}],"version-history":[{"count":2,"href":"https:\/\/ranpal.org\/index.php?rest_route=\/wp\/v2\/posts\/7351\/revisions"}],"predecessor-version":[{"id":7355,"href":"https:\/\/ranpal.org\/index.php?rest_route=\/wp\/v2\/posts\/7351\/revisions\/7355"}],"wp:attachment":[{"href":"https:\/\/ranpal.org\/index.php?rest_route=%2Fwp%2Fv2%2Fmedia&parent=7351"}],"wp:term":[{"taxonomy":"category","embeddable":true,"href":"https:\/\/ranpal.org\/index.php?rest_route=%2Fwp%2Fv2%2Fcategories&post=7351"},{"taxonomy":"post_tag","embeddable":true,"href":"https:\/\/ranpal.org\/index.php?rest_route=%2Fwp%2Fv2%2Ftags&post=7351"}],"curies":[{"name":"wp","href":"https:\/\/api.w.org\/{rel}","templated":true}]}}