{"id":7488,"date":"2023-10-10T19:13:31","date_gmt":"2023-10-10T19:13:31","guid":{"rendered":"https:\/\/ranpal.org\/?p=7488"},"modified":"2023-10-11T16:32:54","modified_gmt":"2023-10-11T16:32:54","slug":"la-paz-de-los-microfonos","status":"publish","type":"post","link":"https:\/\/ranpal.org\/?p=7488","title":{"rendered":"LA PAZ DE LOS MICR\u00d3FONOS"},"content":{"rendered":"<p>Editorial semanal de la Revista Insurrecci\u00f3n n\u00famero 916 escrito por el Comando Central (ELN) del Ej\u00e9rcito de Liberaci\u00f3n Nacional (ELN) de Colombia y publicado en el portal<a href=\"http:\/\/www.eln-voces.net\" rel=\"noopener\" target=\"_blank\"> www.eln-voces.net<\/a><\/p>\n<p>Los due\u00f1os de los grandes medios de comunicaci\u00f3n agrupados en la Sociedad Interamericana de Prensa (SIP), se quejaron porque un grupo de ind\u00edgenas le rompieron un vidrio a las oficinas de<br \/>\nla revista Semana, indignados por los ataques que reciben de este semanario. Esto evidencia la crisis que sufre Colombia, que los empresarios reclamen por la rotura de un vidrio y no por las noticias falsas y los discursos de odio racista que cada minuto difunden los medios de comunicaci\u00f3n propiedad de los mayores monopolios econ\u00f3micos del pa\u00eds.<\/p>\n<p>Ranpal \u00abVoz y sentir del pueblo colombiano\u00bb.<br \/>\nBogot\u00e1 martes 10 octubre 2023.<\/p>\n<p><a href=\"https:\/\/radio.eln-voces.net\/public\/1\/podcast\/1ee679f0-d4c3-6a0c-86b7-3ba5d09f2962\/episode\/1ee67a07-5f6c-6b5c-acc8-8544a5569c6b\" rel=\"noopener\" target=\"_blank\"> SI LO PREFIERE ESCUCHE Y DESCARGUE POR AQU\u00cd \u00abLA PAZ DE LOS MICR\u00d3FONOS\u00bb, NUESTRA PAGINA DE AZURA CAST<\/p>\n<p><iframe src=\"https:\/\/www.ivoox.com\/player_ej_117630390_6_1.html?c1=f92010\" width=\"100%\" height=\"200\" frameborder=\"0\" allowfullscreen=\"\" scrolling=\"no\" loading=\"lazy\"><\/iframe><\/p>\n","protected":false},"excerpt":{"rendered":"<p>Editorial semanal de la Revista Insurrecci\u00f3n n\u00famero 916 escrito por el Comando Central (ELN) del<\/p>\n","protected":false},"author":2,"featured_media":0,"comment_status":"open","ping_status":"open","sticky":false,"template":"","format":"standard","meta":{"h5ap_radio_sources":[],"footnotes":""},"categories":[15],"tags":[18,133,30,491,425,138],"class_list":["post-7488","post","type-post","status-publish","format-standard","hentry","category-editorial","tag-coce","tag-colombia","tag-editorial","tag-guerra-mediatica","tag-medios","tag-paz"],"_links":{"self":[{"href":"https:\/\/ranpal.org\/index.php?rest_route=\/wp\/v2\/posts\/7488","targetHints":{"allow":["GET"]}}],"collection":[{"href":"https:\/\/ranpal.org\/index.php?rest_route=\/wp\/v2\/posts"}],"about":[{"href":"https:\/\/ranpal.org\/index.php?rest_route=\/wp\/v2\/types\/post"}],"author":[{"embeddable":true,"href":"https:\/\/ranpal.org\/index.php?rest_route=\/wp\/v2\/users\/2"}],"replies":[{"embeddable":true,"href":"https:\/\/ranpal.org\/index.php?rest_route=%2Fwp%2Fv2%2Fcomments&post=7488"}],"version-history":[{"count":8,"href":"https:\/\/ranpal.org\/index.php?rest_route=\/wp\/v2\/posts\/7488\/revisions"}],"predecessor-version":[{"id":7506,"href":"https:\/\/ranpal.org\/index.php?rest_route=\/wp\/v2\/posts\/7488\/revisions\/7506"}],"wp:attachment":[{"href":"https:\/\/ranpal.org\/index.php?rest_route=%2Fwp%2Fv2%2Fmedia&parent=7488"}],"wp:term":[{"taxonomy":"category","embeddable":true,"href":"https:\/\/ranpal.org\/index.php?rest_route=%2Fwp%2Fv2%2Fcategories&post=7488"},{"taxonomy":"post_tag","embeddable":true,"href":"https:\/\/ranpal.org\/index.php?rest_route=%2Fwp%2Fv2%2Ftags&post=7488"}],"curies":[{"name":"wp","href":"https:\/\/api.w.org\/{rel}","templated":true}]}}