{"id":7510,"date":"2023-10-11T22:20:00","date_gmt":"2023-10-11T22:20:00","guid":{"rendered":"https:\/\/ranpal.org\/?p=7510"},"modified":"2023-10-11T22:20:00","modified_gmt":"2023-10-11T22:20:00","slug":"mano-poderosa-encima-de-los-ataques-al-eln-cmte-beltran","status":"publish","type":"post","link":"https:\/\/ranpal.org\/?p=7510","title":{"rendered":"MANO PODEROSA ENCIMA DE LOS ATAQUES AL ELN: CMTE BELTR\u00c1N"},"content":{"rendered":"<p>Recientemente el Jefe de la Delegaci\u00f3n de Di\u00e1logos del Ej\u00e9rcito de Liberaci\u00f3n Nacional (ELN) en Colombia, Comandante Pablo Beltr\u00e1n sobre el Cese el Fuego que fue pactado entre esta guerrilla y el Estado Colombiano dijo: \u00abhemos recibido ataques en varias regiones del pa\u00eds y han muerto guerrilleros en estado de indefensi\u00f3n, muertos de sectores sociales, quiere decir que en vez de que haya m\u00e1s alivio humanitario en esas regiones, ha habido m\u00e1s ataques, debe haber una mano por encimas de eso y nosotros decimos, debe ser una mano my poderosa\u00bb. Tambi\u00e9n habl\u00f3 sobre la Paz Total del gobierno Petro, la incidencia de los gringos en la realidad del pa\u00eds y otros temas.<\/p>\n<p>Ranpal \u00abVoz insurgente del pueblo colombiano\u00bb.<br \/>\nBogot\u00e1 mi\u00e9rcoles 11 octubre 2023.<\/p>\n<div style=\"padding:56.25% 0 0 0;position:relative;\"><iframe src=\"https:\/\/player.vimeo.com\/video\/873504796?badge=0&amp;autopause=0&amp;quality_selector=1&amp;progress_bar=1&amp;player_id=0&amp;app_id=58479\" frameborder=\"0\" allow=\"autoplay; fullscreen; picture-in-picture\" style=\"position:absolute;top:0;left:0;width:100%;height:100%;\" title=\"BELTR\u00c1N A RT. 101123\"><\/iframe><\/div>\n<p><script src=\"https:\/\/player.vimeo.com\/api\/player.js\"><\/script><\/p>\n","protected":false},"excerpt":{"rendered":"<p>Recientemente el Jefe de la Delegaci\u00f3n de Di\u00e1logos del Ej\u00e9rcito de Liberaci\u00f3n Nacional (ELN) en<\/p>\n","protected":false},"author":2,"featured_media":0,"comment_status":"open","ping_status":"open","sticky":false,"template":"","format":"standard","meta":{"h5ap_radio_sources":[],"footnotes":""},"categories":[460],"tags":[133,127,414,365],"class_list":["post-7510","post","type-post","status-publish","format-standard","hentry","category-mesa-de-dialogos-2","tag-colombia","tag-entrevista","tag-pablo-beltran","tag-paz-total"],"_links":{"self":[{"href":"https:\/\/ranpal.org\/index.php?rest_route=\/wp\/v2\/posts\/7510","targetHints":{"allow":["GET"]}}],"collection":[{"href":"https:\/\/ranpal.org\/index.php?rest_route=\/wp\/v2\/posts"}],"about":[{"href":"https:\/\/ranpal.org\/index.php?rest_route=\/wp\/v2\/types\/post"}],"author":[{"embeddable":true,"href":"https:\/\/ranpal.org\/index.php?rest_route=\/wp\/v2\/users\/2"}],"replies":[{"embeddable":true,"href":"https:\/\/ranpal.org\/index.php?rest_route=%2Fwp%2Fv2%2Fcomments&post=7510"}],"version-history":[{"count":1,"href":"https:\/\/ranpal.org\/index.php?rest_route=\/wp\/v2\/posts\/7510\/revisions"}],"predecessor-version":[{"id":7512,"href":"https:\/\/ranpal.org\/index.php?rest_route=\/wp\/v2\/posts\/7510\/revisions\/7512"}],"wp:attachment":[{"href":"https:\/\/ranpal.org\/index.php?rest_route=%2Fwp%2Fv2%2Fmedia&parent=7510"}],"wp:term":[{"taxonomy":"category","embeddable":true,"href":"https:\/\/ranpal.org\/index.php?rest_route=%2Fwp%2Fv2%2Fcategories&post=7510"},{"taxonomy":"post_tag","embeddable":true,"href":"https:\/\/ranpal.org\/index.php?rest_route=%2Fwp%2Fv2%2Ftags&post=7510"}],"curies":[{"name":"wp","href":"https:\/\/api.w.org\/{rel}","templated":true}]}}