{"id":7553,"date":"2023-10-23T21:54:58","date_gmt":"2023-10-23T21:54:58","guid":{"rendered":"https:\/\/ranpal.org\/?p=7553"},"modified":"2023-10-23T23:06:41","modified_gmt":"2023-10-23T23:06:41","slug":"la-que-era-la-democracia-mas-antigua","status":"publish","type":"post","link":"https:\/\/ranpal.org\/?p=7553","title":{"rendered":"LA QUE ERA LA DEMOCRACIA M\u00c1S ANTIGUA"},"content":{"rendered":"<p>Editorial de la Revista Semanal Insurrecci\u00f3n n\u00famero 918 escrito por el Comando Central (COCE) Ej\u00e9rcito de Liberaci\u00f3n Nacional (ELN) de s y publicado en el portal <a href=\"https:\/\/www.eln-voces.net\" rel=\"noopener\" target=\"_blank\">eln-voces.net<\/a><\/p>\n<p>La \u00e9lite dominante dec\u00eda orgullosa que Colombia era \u201cla democracia m\u00e1s antigua del continente\u201d, porque hab\u00eda elecciones libres y no requer\u00eda de dar golpes militares; hoy la realidad demuestra lo contrario y la gran mayor\u00eda en las calles reclama una democratizaci\u00f3n del pa\u00eds.<\/p>\n<p>Ranpal \u00abVoz y sentir del pueblo colombiano\u00bb.<br \/>\nBogot\u00e1 lunes 23 octubre 2023.<\/p>\n<p><a href=\"https:\/\/radio.eln-voces.net\/public\/1\/podcast\/1ee71f5b-48e3-66fc-811e-4919359ad9ac\/episode\/1ee71f5f-bb6c-60da-a682-05a90f58b2d4\" rel=\"noopener\" target=\"_blank\">SI DESEA ESCUCHE Y DESCARGUE EDITORIAL EN AZURACAST<\/a><\/p>\n<p><iframe src=\"https:\/\/www.ivoox.com\/player_ej_118240773_6_1.html?c1=ed333b\" width=\"100%\" height=\"200\" frameborder=\"0\" allowfullscreen=\"\" scrolling=\"no\" loading=\"lazy\"><\/iframe><\/p>\n","protected":false},"excerpt":{"rendered":"<p>Editorial de la Revista Semanal Insurrecci\u00f3n n\u00famero 918 escrito por el Comando Central (COCE) Ej\u00e9rcito<\/p>\n","protected":false},"author":2,"featured_media":7554,"comment_status":"open","ping_status":"open","sticky":false,"template":"","format":"standard","meta":{"h5ap_radio_sources":[],"footnotes":""},"categories":[15],"tags":[18,30,466,233],"class_list":["post-7553","post","type-post","status-publish","format-standard","has-post-thumbnail","hentry","category-editorial","tag-coce","tag-editorial","tag-eln-59-anos","tag-revista-insurreccion"],"_links":{"self":[{"href":"https:\/\/ranpal.org\/index.php?rest_route=\/wp\/v2\/posts\/7553","targetHints":{"allow":["GET"]}}],"collection":[{"href":"https:\/\/ranpal.org\/index.php?rest_route=\/wp\/v2\/posts"}],"about":[{"href":"https:\/\/ranpal.org\/index.php?rest_route=\/wp\/v2\/types\/post"}],"author":[{"embeddable":true,"href":"https:\/\/ranpal.org\/index.php?rest_route=\/wp\/v2\/users\/2"}],"replies":[{"embeddable":true,"href":"https:\/\/ranpal.org\/index.php?rest_route=%2Fwp%2Fv2%2Fcomments&post=7553"}],"version-history":[{"count":4,"href":"https:\/\/ranpal.org\/index.php?rest_route=\/wp\/v2\/posts\/7553\/revisions"}],"predecessor-version":[{"id":7562,"href":"https:\/\/ranpal.org\/index.php?rest_route=\/wp\/v2\/posts\/7553\/revisions\/7562"}],"wp:featuredmedia":[{"embeddable":true,"href":"https:\/\/ranpal.org\/index.php?rest_route=\/wp\/v2\/media\/7554"}],"wp:attachment":[{"href":"https:\/\/ranpal.org\/index.php?rest_route=%2Fwp%2Fv2%2Fmedia&parent=7553"}],"wp:term":[{"taxonomy":"category","embeddable":true,"href":"https:\/\/ranpal.org\/index.php?rest_route=%2Fwp%2Fv2%2Fcategories&post=7553"},{"taxonomy":"post_tag","embeddable":true,"href":"https:\/\/ranpal.org\/index.php?rest_route=%2Fwp%2Fv2%2Ftags&post=7553"}],"curies":[{"name":"wp","href":"https:\/\/api.w.org\/{rel}","templated":true}]}}