{"id":7622,"date":"2023-11-15T00:45:50","date_gmt":"2023-11-15T00:45:50","guid":{"rendered":"https:\/\/ranpal.org\/?p=7622"},"modified":"2023-11-15T01:35:31","modified_gmt":"2023-11-15T01:35:31","slug":"no-esquivemos-el-tema-de-fondo-y-otros","status":"publish","type":"post","link":"https:\/\/ranpal.org\/?p=7622","title":{"rendered":"NO ESQUIVEMOS EL TEMA DE FONDO Y OTROS"},"content":{"rendered":"<p>Escrito por Antonio Garc\u00eda, Primer Comandante del Ej\u00e9rcito de Liberaci\u00f3n Nacional (ELN) de Colombia y publicado este domingo 12 de noviembre en su canal de Telegram <a href=\"https:\/\/t.me\/s\/ELN_AntonioGarcia?before=14\" rel=\"noopener\" target=\"_blank\">Telegram AntonioGracia-Privado<\/a><\/p>\n<p>Mucho se ha dicho sobre la retenci\u00f3n del padre de Luis D\u00edaz. De principio a fin el Estado y sus medios han querido utilizar este error para sacar provecho pol\u00edtico.<\/p>\n<p><a href=\"https:\/\/radio.eln-voces.net\/public\/1\/podcast\/1ee83533-8a38-6bd6-9141-a15151004810\/episode\/1ee83536-3165-6eca-916c-27a79bd8be2c\" rel=\"noopener\" target=\"_blank\">ESCUCHE Y COMPARTA ESTE AUDIO DESDE AZURACAST RADIO<\/a><\/p>\n<p>Ranpal \u00abvoz y sentir del pueblo colombiano\u00bb.<br \/>\nBogot\u00e1 martes 13 noviembre 2023.<\/p>\n<p><iframe src=\"https:\/\/www.ivoox.com\/player_ej_119509010_6_1.html?c1=ed333b\" width=\"100%\" height=\"200\" frameborder=\"0\" allowfullscreen=\"\" scrolling=\"no\" loading=\"lazy\"><\/iframe><\/p>\n","protected":false},"excerpt":{"rendered":"<p>Escrito por Antonio Garc\u00eda, Primer Comandante del Ej\u00e9rcito de Liberaci\u00f3n Nacional (ELN) de Colombia y<\/p>\n","protected":false},"author":2,"featured_media":0,"comment_status":"open","ping_status":"open","sticky":false,"template":"","format":"standard","meta":{"h5ap_radio_sources":[],"footnotes":""},"categories":[449],"tags":[495,463],"class_list":["post-7622","post","type-post","status-publish","format-standard","hentry","category-https-eln-voces-net-2025-07-28-gentrificacion-otra-cara-del-despojo-noticiero-impacto-colombiano","tag-eln-cmte-antonio-garcia","tag-paz-mesa-de-dialogos"],"_links":{"self":[{"href":"https:\/\/ranpal.org\/index.php?rest_route=\/wp\/v2\/posts\/7622","targetHints":{"allow":["GET"]}}],"collection":[{"href":"https:\/\/ranpal.org\/index.php?rest_route=\/wp\/v2\/posts"}],"about":[{"href":"https:\/\/ranpal.org\/index.php?rest_route=\/wp\/v2\/types\/post"}],"author":[{"embeddable":true,"href":"https:\/\/ranpal.org\/index.php?rest_route=\/wp\/v2\/users\/2"}],"replies":[{"embeddable":true,"href":"https:\/\/ranpal.org\/index.php?rest_route=%2Fwp%2Fv2%2Fcomments&post=7622"}],"version-history":[{"count":3,"href":"https:\/\/ranpal.org\/index.php?rest_route=\/wp\/v2\/posts\/7622\/revisions"}],"predecessor-version":[{"id":7627,"href":"https:\/\/ranpal.org\/index.php?rest_route=\/wp\/v2\/posts\/7622\/revisions\/7627"}],"wp:attachment":[{"href":"https:\/\/ranpal.org\/index.php?rest_route=%2Fwp%2Fv2%2Fmedia&parent=7622"}],"wp:term":[{"taxonomy":"category","embeddable":true,"href":"https:\/\/ranpal.org\/index.php?rest_route=%2Fwp%2Fv2%2Fcategories&post=7622"},{"taxonomy":"post_tag","embeddable":true,"href":"https:\/\/ranpal.org\/index.php?rest_route=%2Fwp%2Fv2%2Ftags&post=7622"}],"curies":[{"name":"wp","href":"https:\/\/api.w.org\/{rel}","templated":true}]}}