{"id":7628,"date":"2023-11-18T21:30:41","date_gmt":"2023-11-18T21:30:41","guid":{"rendered":"https:\/\/ranpal.org\/?p=7628"},"modified":"2023-11-19T00:17:38","modified_gmt":"2023-11-19T00:17:38","slug":"ecos-del-estallido-social-conmemorar-dignificar-resistir","status":"publish","type":"post","link":"https:\/\/ranpal.org\/?p=7628","title":{"rendered":"ECOS DEL ESTALLIDO SOCIAL.\u00bbCONMEMORAR, DIGNIFICAR, RESISTIR\u00bb"},"content":{"rendered":"<p>Escrito por Himelda Ascanio para la Revista semanal Insurrecci\u00f3n #921 del Ej\u00e9rcito de LIberaci\u00f3n Nacional (ELN) de Colombia y publicado este lunes 13 de Noviembre en el portal <a href=\"https:\/\/eln-voces.net\/\" rel=\"noopener\" target=\"_blank\">eln-voces.net<\/a><\/p>\n<p>El pasado 2 de noviembre se present\u00f3 en Bogot\u00e1 el libro: \u201cTribunal Popular en Silo\u00e9: Conmemorar, dignificar, resistir\u201d; publicaci\u00f3n que recoge elementos desarrollados en las Audiencias del Tribunal Popular en Silo\u00e9, as\u00ed como la Sentencia fallada en febrero de 2023.<\/p>\n<p><a href=\"https:\/\/radio.eln-voces.net\/public\/1\/podcast\/1ee866fd-813e-6de0-abdb-4b16053a3f7b\/episode\/1ee86702-c766-6d72-aec2-43d482011bb5\" rel=\"noopener\" target=\"_blank\">SI DESEA ESCUCHE Y DESCARGUE ESTE AUDIO DESDE AZURACAST<\/a><\/p>\n<p>Ranpal \u00abVoz y sentir del pueblo colombiano\u00bb.<br \/>\nBogot\u00e1 s\u00e1bado 18 noviembre 2023.<\/p>\n<p><iframe src=\"https:\/\/www.ivoox.com\/player_ej_119693425_6_1.html?c1=ed333b\" width=\"100%\" height=\"200\" frameborder=\"0\" allowfullscreen=\"\" scrolling=\"no\" loading=\"lazy\"><\/iframe><\/p>\n","protected":false},"excerpt":{"rendered":"<p>Escrito por Himelda Ascanio para la Revista semanal Insurrecci\u00f3n #921 del Ej\u00e9rcito de LIberaci\u00f3n Nacional<\/p>\n","protected":false},"author":2,"featured_media":0,"comment_status":"open","ping_status":"open","sticky":false,"template":"","format":"standard","meta":{"h5ap_radio_sources":[],"footnotes":""},"categories":[449],"tags":[496,133,138,497],"class_list":["post-7628","post","type-post","status-publish","format-standard","hentry","category-https-eln-voces-net-2025-07-28-gentrificacion-otra-cara-del-despojo-noticiero-impacto-colombiano","tag-cali-justicia-popular","tag-colombia","tag-paz","tag-siloe"],"_links":{"self":[{"href":"https:\/\/ranpal.org\/index.php?rest_route=\/wp\/v2\/posts\/7628","targetHints":{"allow":["GET"]}}],"collection":[{"href":"https:\/\/ranpal.org\/index.php?rest_route=\/wp\/v2\/posts"}],"about":[{"href":"https:\/\/ranpal.org\/index.php?rest_route=\/wp\/v2\/types\/post"}],"author":[{"embeddable":true,"href":"https:\/\/ranpal.org\/index.php?rest_route=\/wp\/v2\/users\/2"}],"replies":[{"embeddable":true,"href":"https:\/\/ranpal.org\/index.php?rest_route=%2Fwp%2Fv2%2Fcomments&post=7628"}],"version-history":[{"count":5,"href":"https:\/\/ranpal.org\/index.php?rest_route=\/wp\/v2\/posts\/7628\/revisions"}],"predecessor-version":[{"id":7635,"href":"https:\/\/ranpal.org\/index.php?rest_route=\/wp\/v2\/posts\/7628\/revisions\/7635"}],"wp:attachment":[{"href":"https:\/\/ranpal.org\/index.php?rest_route=%2Fwp%2Fv2%2Fmedia&parent=7628"}],"wp:term":[{"taxonomy":"category","embeddable":true,"href":"https:\/\/ranpal.org\/index.php?rest_route=%2Fwp%2Fv2%2Fcategories&post=7628"},{"taxonomy":"post_tag","embeddable":true,"href":"https:\/\/ranpal.org\/index.php?rest_route=%2Fwp%2Fv2%2Ftags&post=7628"}],"curies":[{"name":"wp","href":"https:\/\/api.w.org\/{rel}","templated":true}]}}