{"id":7645,"date":"2023-11-23T20:45:27","date_gmt":"2023-11-23T20:45:27","guid":{"rendered":"https:\/\/ranpal.org\/?p=7645"},"modified":"2023-11-23T23:23:46","modified_gmt":"2023-11-23T23:23:46","slug":"empresas-de-comunicacion-y-la-matriz-mediatica","status":"publish","type":"post","link":"https:\/\/ranpal.org\/?p=7645","title":{"rendered":"EMPRESAS DE COMUNICACI\u00d3N Y LA MATRIZ MEDI\u00c1TICA"},"content":{"rendered":"<p>Art\u00edculo escrito por Antonio Garc\u00eda, Primer Comandante del ELN y publicado en su canal del Telegram este lunes 20 de noviembre 2023. <a href=\"https:\/\/t.me\/s\/ELN_AntonioGarcia?before=14\" rel=\"noopener\" target=\"_blank\">ELN-AntoniGracia-Privado<\/a> <\/p>\n<p>Es claro que las autoridades utilizando las Empresas de Comunicaci\u00f3n, que son funcionales al Estado, buscan desviar la atenci\u00f3n de la relaci\u00f3n de grupos paramilitares verdaderamente dedicados al narcotr\u00e1fico con las autoridades locales, las Fuerzas Militares y sobre todo con<br \/>\ngrandes conglomerados econ\u00f3micos que importan mercanc\u00edas, manejan puertos y sin olvidar el papel fundamental que cumple en toda la operaci\u00f3n el sistema financiero nacional e internacional.<\/p>\n<p><a href=\"https:\/\/radio.eln-voces.net\/public\/1\/podcast\/1ee8a56f-6d8a-6bae-911d-9126eb113517\/episode\/1ee8a571-f437-642a-bb28-6d23f24c50cf\" rel=\"noopener\" target=\"_blank\">ESCUCHE Y DESCARGUE ESTE AUDIO DESDE  AZURACAST<\/a><\/p>\n<p>Ranpal \u00abvoz y sentir del pueblo colombiano\u00bb.<br \/>\nBogot\u00e1 jueves 23 de noviembre 2023.<\/p>\n<p><iframe src=\"https:\/\/www.ivoox.com\/player_ej_119994205_6_1.html?c1=ed333b\" width=\"100%\" height=\"200\" frameborder=\"0\" allowfullscreen=\"\" scrolling=\"no\" loading=\"lazy\"><\/iframe><\/p>\n","protected":false},"excerpt":{"rendered":"<p>Art\u00edculo escrito por Antonio Garc\u00eda, Primer Comandante del ELN y publicado en su canal del<\/p>\n","protected":false},"author":2,"featured_media":0,"comment_status":"open","ping_status":"open","sticky":false,"template":"","format":"standard","meta":{"h5ap_radio_sources":[],"footnotes":""},"categories":[449],"tags":[133,426,466,498],"class_list":["post-7645","post","type-post","status-publish","format-standard","hentry","category-https-eln-voces-net-2025-07-28-gentrificacion-otra-cara-del-despojo-noticiero-impacto-colombiano","tag-colombia","tag-comunicacion","tag-eln-59-anos","tag-matriz"],"_links":{"self":[{"href":"https:\/\/ranpal.org\/index.php?rest_route=\/wp\/v2\/posts\/7645","targetHints":{"allow":["GET"]}}],"collection":[{"href":"https:\/\/ranpal.org\/index.php?rest_route=\/wp\/v2\/posts"}],"about":[{"href":"https:\/\/ranpal.org\/index.php?rest_route=\/wp\/v2\/types\/post"}],"author":[{"embeddable":true,"href":"https:\/\/ranpal.org\/index.php?rest_route=\/wp\/v2\/users\/2"}],"replies":[{"embeddable":true,"href":"https:\/\/ranpal.org\/index.php?rest_route=%2Fwp%2Fv2%2Fcomments&post=7645"}],"version-history":[{"count":4,"href":"https:\/\/ranpal.org\/index.php?rest_route=\/wp\/v2\/posts\/7645\/revisions"}],"predecessor-version":[{"id":7651,"href":"https:\/\/ranpal.org\/index.php?rest_route=\/wp\/v2\/posts\/7645\/revisions\/7651"}],"wp:attachment":[{"href":"https:\/\/ranpal.org\/index.php?rest_route=%2Fwp%2Fv2%2Fmedia&parent=7645"}],"wp:term":[{"taxonomy":"category","embeddable":true,"href":"https:\/\/ranpal.org\/index.php?rest_route=%2Fwp%2Fv2%2Fcategories&post=7645"},{"taxonomy":"post_tag","embeddable":true,"href":"https:\/\/ranpal.org\/index.php?rest_route=%2Fwp%2Fv2%2Ftags&post=7645"}],"curies":[{"name":"wp","href":"https:\/\/api.w.org\/{rel}","templated":true}]}}