{"id":7691,"date":"2023-12-14T00:46:49","date_gmt":"2023-12-14T00:46:49","guid":{"rendered":"https:\/\/ranpal.org\/?p=7691"},"modified":"2023-12-14T01:22:44","modified_gmt":"2023-12-14T01:22:44","slug":"notiranpal-arranco-quinto-ciclo-de-conversaciones-gobierno-eln","status":"publish","type":"post","link":"https:\/\/ranpal.org\/?p=7691","title":{"rendered":"NOTIRANPAL. ARRANC\u00d3 QUINTO CICLO DE CONVERSACIONES GOBIERNO-ELN"},"content":{"rendered":"<p>Con la agenda establecida anteriormente comenz\u00f3 esta semana en Ciudad de M\u00e9xico el Quinto Ciclo de conversaciones entre las Delegaciones del Gobierno colombiano y el Ej\u00e9rcito de Liberaci\u00f3n Nacional (ELN). Destacar que llega a la mesa la exguerrillera del M-19 Vera Grave como Jefa de la Delegaci\u00f3n gubernamental en reemplazo de Otti Pati\u00f1o. Esta nota y otras nacionales junto a los temas internacionales son recreados aqui en Notiranpal, \u00abNoticias en Revoluci\u00f3n\u00bb, por nuestros Cros Norman Milcidades, H\u00e9ctor Daniel Useche y JJ. P\u00e9rez. \u00a1No se lo pierda!<\/p>\n<p><a href=\"https:\/\/radio.eln-voces.net\/public\/1\/podcast\/1ee9a1e7-a857-614a-9542-9590ea9c8736\/episode\/1ee9a1f0-63c6-6bd0-a52a-35bc4c59688b\" rel=\"noopener\" target=\"_blank\">ESCUCHE Y DESCARGUE AUDIO DESDE AZURACAST<\/a><\/p>\n<p>Ranpal \u00abComunicaci\u00f3n popular e insurgente\u00bb.<br \/>\nBogot\u00e1 mi\u00e9rcoles 13 diciembre 2023.<\/p>\n<p><iframe src=\"https:\/\/www.ivoox.com\/player_ej_121079208_6_1.html?c1=ed333b\" width=\"100%\" height=\"200\" frameborder=\"0\" allowfullscreen=\"\" scrolling=\"no\" loading=\"lazy\"><\/iframe><\/p>\n","protected":false},"excerpt":{"rendered":"<p>Con la agenda establecida anteriormente comenz\u00f3 esta semana en Ciudad de M\u00e9xico el Quinto Ciclo<\/p>\n","protected":false},"author":2,"featured_media":0,"comment_status":"open","ping_status":"open","sticky":false,"template":"","format":"standard","meta":{"h5ap_radio_sources":[],"footnotes":""},"categories":[450],"tags":[466,415,325,503],"class_list":["post-7691","post","type-post","status-publish","format-standard","hentry","category-notiranpal","tag-eln-59-anos","tag-mexico","tag-notiranpal","tag-paz-dialogos"],"_links":{"self":[{"href":"https:\/\/ranpal.org\/index.php?rest_route=\/wp\/v2\/posts\/7691","targetHints":{"allow":["GET"]}}],"collection":[{"href":"https:\/\/ranpal.org\/index.php?rest_route=\/wp\/v2\/posts"}],"about":[{"href":"https:\/\/ranpal.org\/index.php?rest_route=\/wp\/v2\/types\/post"}],"author":[{"embeddable":true,"href":"https:\/\/ranpal.org\/index.php?rest_route=\/wp\/v2\/users\/2"}],"replies":[{"embeddable":true,"href":"https:\/\/ranpal.org\/index.php?rest_route=%2Fwp%2Fv2%2Fcomments&post=7691"}],"version-history":[{"count":4,"href":"https:\/\/ranpal.org\/index.php?rest_route=\/wp\/v2\/posts\/7691\/revisions"}],"predecessor-version":[{"id":7696,"href":"https:\/\/ranpal.org\/index.php?rest_route=\/wp\/v2\/posts\/7691\/revisions\/7696"}],"wp:attachment":[{"href":"https:\/\/ranpal.org\/index.php?rest_route=%2Fwp%2Fv2%2Fmedia&parent=7691"}],"wp:term":[{"taxonomy":"category","embeddable":true,"href":"https:\/\/ranpal.org\/index.php?rest_route=%2Fwp%2Fv2%2Fcategories&post=7691"},{"taxonomy":"post_tag","embeddable":true,"href":"https:\/\/ranpal.org\/index.php?rest_route=%2Fwp%2Fv2%2Ftags&post=7691"}],"curies":[{"name":"wp","href":"https:\/\/api.w.org\/{rel}","templated":true}]}}