{"id":7700,"date":"2023-12-28T20:49:07","date_gmt":"2023-12-28T20:49:07","guid":{"rendered":"https:\/\/ranpal.org\/?p=7700"},"modified":"2023-12-29T15:05:54","modified_gmt":"2023-12-29T15:05:54","slug":"fiesta-de-que","status":"publish","type":"post","link":"https:\/\/ranpal.org\/?p=7700","title":{"rendered":"\u00bfFIESTA DE QU\u00c9?"},"content":{"rendered":"<p>Editorial de la Revista semanal Insurrecci\u00f3n n\u00famero 927 escrito por el Comando Central (COCE) del Ej\u00e9rcito de Liberaci\u00f3n Nacional de Colombia y publicado este lunes 25 de diciembre del 2023 en el portal <a href=\"http:\/\/www.eln-voces.net\" rel=\"noopener\" target=\"_blank\">eln-voces.net<\/a><\/p>\n<p>Navidad y A\u00f1o Nuevo deber\u00edan ser de encuentro y reconciliaci\u00f3n, por tanto de alegr\u00eda, pero no lo son para m\u00e1s de media Colombia. 26 milllones de compatriotas sobreviven en la pobreza y la miseria que nos hace ser un pobre pa\u00eds, el m\u00e1s pobre del continente.<\/p>\n<p><a href=\"https:\/\/radio.eln-voces.net\/public\/1\/podcast\/1eea5e47-8192-6c54-9302-019dbb0f8b88\/episode\/1eea5e5f-7088-6f22-b3d2-552a5b4cc767\" rel=\"noopener\" target=\"_blank\">ESCUCHE Y DESCARGUE ESTE AUDIO DESDE AZURACAST<\/a><\/p>\n<p>Ranpal \u00abVoz del pueblo insurgente en Colombia\u00bb.<br \/>\nBogot\u00e1 mi\u00e9rcoles 27 diciembre 2023.<\/p>\n<p><iframe src=\"https:\/\/www.ivoox.com\/player_ej_121801880_6_1.html?c1=f66151\" width=\"100%\" height=\"200\" frameborder=\"0\" allowfullscreen=\"\" scrolling=\"no\" loading=\"lazy\"><\/iframe><\/p>\n","protected":false},"excerpt":{"rendered":"<p>Editorial de la Revista semanal Insurrecci\u00f3n n\u00famero 927 escrito por el Comando Central (COCE) del<\/p>\n","protected":false},"author":2,"featured_media":0,"comment_status":"open","ping_status":"open","sticky":false,"template":"","format":"standard","meta":{"h5ap_radio_sources":[],"footnotes":""},"categories":[15],"tags":[18,133,504,466],"class_list":["post-7700","post","type-post","status-publish","format-standard","hentry","category-editorial","tag-coce","tag-colombia","tag-ediitorial","tag-eln-59-anos"],"_links":{"self":[{"href":"https:\/\/ranpal.org\/index.php?rest_route=\/wp\/v2\/posts\/7700","targetHints":{"allow":["GET"]}}],"collection":[{"href":"https:\/\/ranpal.org\/index.php?rest_route=\/wp\/v2\/posts"}],"about":[{"href":"https:\/\/ranpal.org\/index.php?rest_route=\/wp\/v2\/types\/post"}],"author":[{"embeddable":true,"href":"https:\/\/ranpal.org\/index.php?rest_route=\/wp\/v2\/users\/2"}],"replies":[{"embeddable":true,"href":"https:\/\/ranpal.org\/index.php?rest_route=%2Fwp%2Fv2%2Fcomments&post=7700"}],"version-history":[{"count":4,"href":"https:\/\/ranpal.org\/index.php?rest_route=\/wp\/v2\/posts\/7700\/revisions"}],"predecessor-version":[{"id":7711,"href":"https:\/\/ranpal.org\/index.php?rest_route=\/wp\/v2\/posts\/7700\/revisions\/7711"}],"wp:attachment":[{"href":"https:\/\/ranpal.org\/index.php?rest_route=%2Fwp%2Fv2%2Fmedia&parent=7700"}],"wp:term":[{"taxonomy":"category","embeddable":true,"href":"https:\/\/ranpal.org\/index.php?rest_route=%2Fwp%2Fv2%2Fcategories&post=7700"},{"taxonomy":"post_tag","embeddable":true,"href":"https:\/\/ranpal.org\/index.php?rest_route=%2Fwp%2Fv2%2Ftags&post=7700"}],"curies":[{"name":"wp","href":"https:\/\/api.w.org\/{rel}","templated":true}]}}