{"id":7748,"date":"2024-01-11T23:41:40","date_gmt":"2024-01-11T23:41:40","guid":{"rendered":"https:\/\/ranpal.org\/?p=7748"},"modified":"2024-01-12T00:52:36","modified_gmt":"2024-01-12T00:52:36","slug":"de-herodes-a-netanyahu","status":"publish","type":"post","link":"https:\/\/ranpal.org\/?p=7748","title":{"rendered":"DE HERODES A NETANYAHU"},"content":{"rendered":"<p>Escrito por Antonio Garc\u00eda, Primer Comandante del ELN y publicado este lunes 08 de enero del 2024 en su Canal de Telegram ELN-AntonioGarcia-Priavado; as\u00ed mismo en la Revista semana\u00f1 Insurrecci\u00f3n n\u00famero 929 del Ej\u00e9rcito de Liberaci\u00f3n Nacional de Colombia.<\/p>\n<p>Los reyes jud\u00edos como Herodes el Grande, que gobernaron Judea en tiempos de Jes\u00fas sirvieron de<br \/>\nmanera incondicional al Imperio Romano, d\u00e1ndole la espalda a las luchas de su propio pueblo por conquistar la independencia de Roma.<\/p>\n<p><a href=\"https:\/\/radio.eln-voces.net\/public\/1\/podcast\/1eeb0e20-88f0-633c-a1bb-3fee9a32ee34\/episode\/1eeb0e46-e13d-6320-a9ff-fda77976d3f4\" rel=\"noopener\" target=\"_blank\">ESCUCHAR Y DESCARGAR AUDIO EN AZURACAST<\/a><\/p>\n<p>Ranpal \u00abcomunicaci\u00f3n para la Liberaci\u00f3n Nacional\u00bb.<br \/>\nBogot\u00e1 jueves 11 enero 2024.<\/p>\n<p><iframe src=\"https:\/\/www.ivoox.com\/player_ej_122477379_6_1.html?c1=ed333b\" width=\"100%\" height=\"200\" frameborder=\"0\" allowfullscreen=\"\" scrolling=\"no\" loading=\"lazy\"><\/iframe><\/p>\n","protected":false},"excerpt":{"rendered":"<p>Escrito por Antonio Garc\u00eda, Primer Comandante del ELN y publicado este lunes 08 de enero<\/p>\n","protected":false},"author":2,"featured_media":0,"comment_status":"open","ping_status":"open","sticky":false,"template":"","format":"standard","meta":{"h5ap_radio_sources":[],"footnotes":""},"categories":[449],"tags":[210,38,500,475],"class_list":["post-7748","post","type-post","status-publish","format-standard","hentry","category-https-eln-voces-net-2025-07-28-gentrificacion-otra-cara-del-despojo-noticiero-impacto-colombiano","tag-cmte-antonio-garcia","tag-genocidio","tag-sionismo","tag-telegram"],"_links":{"self":[{"href":"https:\/\/ranpal.org\/index.php?rest_route=\/wp\/v2\/posts\/7748","targetHints":{"allow":["GET"]}}],"collection":[{"href":"https:\/\/ranpal.org\/index.php?rest_route=\/wp\/v2\/posts"}],"about":[{"href":"https:\/\/ranpal.org\/index.php?rest_route=\/wp\/v2\/types\/post"}],"author":[{"embeddable":true,"href":"https:\/\/ranpal.org\/index.php?rest_route=\/wp\/v2\/users\/2"}],"replies":[{"embeddable":true,"href":"https:\/\/ranpal.org\/index.php?rest_route=%2Fwp%2Fv2%2Fcomments&post=7748"}],"version-history":[{"count":3,"href":"https:\/\/ranpal.org\/index.php?rest_route=\/wp\/v2\/posts\/7748\/revisions"}],"predecessor-version":[{"id":7753,"href":"https:\/\/ranpal.org\/index.php?rest_route=\/wp\/v2\/posts\/7748\/revisions\/7753"}],"wp:attachment":[{"href":"https:\/\/ranpal.org\/index.php?rest_route=%2Fwp%2Fv2%2Fmedia&parent=7748"}],"wp:term":[{"taxonomy":"category","embeddable":true,"href":"https:\/\/ranpal.org\/index.php?rest_route=%2Fwp%2Fv2%2Fcategories&post=7748"},{"taxonomy":"post_tag","embeddable":true,"href":"https:\/\/ranpal.org\/index.php?rest_route=%2Fwp%2Fv2%2Ftags&post=7748"}],"curies":[{"name":"wp","href":"https:\/\/api.w.org\/{rel}","templated":true}]}}