{"id":7862,"date":"2024-03-01T12:57:34","date_gmt":"2024-03-01T12:57:34","guid":{"rendered":"https:\/\/ranpal.org\/?p=7862"},"modified":"2024-03-01T17:03:39","modified_gmt":"2024-03-01T17:03:39","slug":"dialogos-comunicado-conjunto-numero-22","status":"publish","type":"post","link":"https:\/\/ranpal.org\/?p=7862","title":{"rendered":"DI\u00c1LOGOS. COMUNICADO CONJUNTO N\u00daMERO 22"},"content":{"rendered":"<p><strong>MESA DE DI\u00c1LOGOS PARA LA PAZ ENTRE EL GOBIERNO DE LA REP\u00daBLICA DE COLOMBIA Y EL EJ\u00c9RCITO DE LIBERACI\u00d3N NACIONAL -ELN-<\/strong>.<\/p>\n<p><strong><br \/>\nComunicado Conjunto Nro 22<\/strong><\/p>\n<p>Las Delegaciones de di\u00e1logo del Gobierno de la Rep\u00fablica de Colombia y el Ej\u00e9rcito de Liberaci\u00f3n Nacional-ELN hemos concluido la reuni\u00f3n desarrollada en La Habana, Rep\u00fablica de Cuba, entre los d\u00edas 24 al 26 de febrero de 2024 a solicitud de los Paises Garantes y Acompa\u00f1antes Permanentes.<\/p>\n<p>Analizamos los avances en los acuerdos y los problemas que enfrenta la Mesa de Di\u00e1logos para la Paz, frente a los cuales cada parte ha adquirido compromisos para el buen desarrollo del proceso de paz.<\/p>\n<p>Continuaremos con las actividades orevistas en los acuerdos. Realizaremos una evaluaci\u00f3n de las gestiones y compromisos durantes el s\u00e9ptimo ciclo que se adelantar\u00e1 en la Rep\u00fablica Bolivariana de Venezuela entre el 8 y el 22 de abril de 2024.<\/p>\n<p>Por su parte, la Delegaci\u00f3n del di\u00e1logos del ELN cumplir\u00e1 las consultas internas a la que fue convocada.<\/p>\n<p>Ambas delegaciones agradecemos a la Rep\u00fablica de Cuba por su hospitalidad y apoyo, y a los Pa\u00edses Garantes y Acompa\u00f1antes Permanentes, as\u00ed como al Grupo de Pa\u00edses de Acoma\u00f1amiento, Apoyo y Cooperaci\u00f3n(GPAAC), por los buenos oficios durante el sexto ciclo y en desarrollo de la presente reuni\u00f3n.<\/p>\n<p>La Habana, Rep\u00fablica de Cuba, febrero 26 de 2024.<br \/>\nFte: <a href=\"https:\/\/twitter.com\/DelegacionEln\" rel=\"noopener\" target=\"_blank\">Delegaci\u00f3n de Di\u00e1logos del ELN<\/a><\/p>\n","protected":false},"excerpt":{"rendered":"<p>MESA DE DI\u00c1LOGOS PARA LA PAZ ENTRE EL GOBIERNO DE LA REP\u00daBLICA DE COLOMBIA Y<\/p>\n","protected":false},"author":2,"featured_media":0,"comment_status":"open","ping_status":"open","sticky":false,"template":"","format":"standard","meta":{"h5ap_radio_sources":[],"footnotes":""},"categories":[457],"tags":[443,381,138],"class_list":["post-7862","post","type-post","status-publish","format-standard","hentry","category-mesa-de-dialogos","tag-comunicados","tag-mesa-de-dialogos","tag-paz"],"_links":{"self":[{"href":"https:\/\/ranpal.org\/index.php?rest_route=\/wp\/v2\/posts\/7862","targetHints":{"allow":["GET"]}}],"collection":[{"href":"https:\/\/ranpal.org\/index.php?rest_route=\/wp\/v2\/posts"}],"about":[{"href":"https:\/\/ranpal.org\/index.php?rest_route=\/wp\/v2\/types\/post"}],"author":[{"embeddable":true,"href":"https:\/\/ranpal.org\/index.php?rest_route=\/wp\/v2\/users\/2"}],"replies":[{"embeddable":true,"href":"https:\/\/ranpal.org\/index.php?rest_route=%2Fwp%2Fv2%2Fcomments&post=7862"}],"version-history":[{"count":3,"href":"https:\/\/ranpal.org\/index.php?rest_route=\/wp\/v2\/posts\/7862\/revisions"}],"predecessor-version":[{"id":7868,"href":"https:\/\/ranpal.org\/index.php?rest_route=\/wp\/v2\/posts\/7862\/revisions\/7868"}],"wp:attachment":[{"href":"https:\/\/ranpal.org\/index.php?rest_route=%2Fwp%2Fv2%2Fmedia&parent=7862"}],"wp:term":[{"taxonomy":"category","embeddable":true,"href":"https:\/\/ranpal.org\/index.php?rest_route=%2Fwp%2Fv2%2Fcategories&post=7862"},{"taxonomy":"post_tag","embeddable":true,"href":"https:\/\/ranpal.org\/index.php?rest_route=%2Fwp%2Fv2%2Ftags&post=7862"}],"curies":[{"name":"wp","href":"https:\/\/api.w.org\/{rel}","templated":true}]}}