{"id":7915,"date":"2024-03-19T18:23:47","date_gmt":"2024-03-19T18:23:47","guid":{"rendered":"https:\/\/ranpal.org\/?p=7915"},"modified":"2024-03-19T18:58:21","modified_gmt":"2024-03-19T18:58:21","slug":"colombia-clama-cambios","status":"publish","type":"post","link":"https:\/\/ranpal.org\/?p=7915","title":{"rendered":"COLOMBIA CLAMA CAMBIOS"},"content":{"rendered":"<p>Editorial de la Revista semanal Insurrecci\u00f3n n\u00famero 939 escrito por el Comando Central(COCE) del Ej\u00e9rcito de Liberaci\u00f3n Nacional(ELN) y publicado este lunes 18 de marzo en el portal <a href=\"http:\/\/www.eln-voces.net\" rel=\"noopener\" target=\"_blank\">eln-voces.net<\/a><\/p>\n<p>El 9 de abril de 1948 la oligarqu\u00eda asesin\u00f3 a Jorge Eli\u00e9cer Gait\u00e1n, para impedir que liderara los cambios democr\u00e1ticos. Ahora, 76 a\u00f1os despu\u00e9s, la oligarqu\u00eda impide las reformas que son un compromiso ante el pueblo, del Gobierno del Presidente Gustavo Petro.<\/p>\n<p><a href=\"https:\/\/radio.eln-voces.net\/public\/1\/podcast\/1eee6223-cb8b-626e-88d6-633488672848\/episode\/1eee6227-12a6-631c-b3ef-9940afddafca\" rel=\"noopener\" target=\"_blank\">ESCUCHE Y DESCARGUE EL AUDIO DESDE AZURACAST<\/a><\/p>\n<p><strong>Ranpal \u00abPorque T\u00fa y Yo somos lucha e historia\u00bb.<br \/>\nBogot\u00e1 martes 19 marzo 2024.<\/strong><\/p>\n<p><iframe src=\"https:\/\/www.ivoox.com\/player_ej_126154023_6_1.html?c1=ed333b\" width=\"100%\" height=\"200\" frameborder=\"0\" allowfullscreen=\"\" scrolling=\"no\" loading=\"lazy\"><\/iframe><\/p>\n","protected":false},"excerpt":{"rendered":"<p>Editorial de la Revista semanal Insurrecci\u00f3n n\u00famero 939 escrito por el Comando Central(COCE) del Ej\u00e9rcito<\/p>\n","protected":false},"author":2,"featured_media":0,"comment_status":"open","ping_status":"open","sticky":false,"template":"","format":"standard","meta":{"h5ap_radio_sources":[],"footnotes":""},"categories":[15],"tags":[510,30,233],"class_list":["post-7915","post","type-post","status-publish","format-standard","hentry","category-editorial","tag-coce-eln","tag-editorial","tag-revista-insurreccion"],"_links":{"self":[{"href":"https:\/\/ranpal.org\/index.php?rest_route=\/wp\/v2\/posts\/7915","targetHints":{"allow":["GET"]}}],"collection":[{"href":"https:\/\/ranpal.org\/index.php?rest_route=\/wp\/v2\/posts"}],"about":[{"href":"https:\/\/ranpal.org\/index.php?rest_route=\/wp\/v2\/types\/post"}],"author":[{"embeddable":true,"href":"https:\/\/ranpal.org\/index.php?rest_route=\/wp\/v2\/users\/2"}],"replies":[{"embeddable":true,"href":"https:\/\/ranpal.org\/index.php?rest_route=%2Fwp%2Fv2%2Fcomments&post=7915"}],"version-history":[{"count":2,"href":"https:\/\/ranpal.org\/index.php?rest_route=\/wp\/v2\/posts\/7915\/revisions"}],"predecessor-version":[{"id":7926,"href":"https:\/\/ranpal.org\/index.php?rest_route=\/wp\/v2\/posts\/7915\/revisions\/7926"}],"wp:attachment":[{"href":"https:\/\/ranpal.org\/index.php?rest_route=%2Fwp%2Fv2%2Fmedia&parent=7915"}],"wp:term":[{"taxonomy":"category","embeddable":true,"href":"https:\/\/ranpal.org\/index.php?rest_route=%2Fwp%2Fv2%2Fcategories&post=7915"},{"taxonomy":"post_tag","embeddable":true,"href":"https:\/\/ranpal.org\/index.php?rest_route=%2Fwp%2Fv2%2Ftags&post=7915"}],"curies":[{"name":"wp","href":"https:\/\/api.w.org\/{rel}","templated":true}]}}