{"id":7927,"date":"2024-03-23T15:19:04","date_gmt":"2024-03-23T15:19:04","guid":{"rendered":"https:\/\/ranpal.org\/?p=7927"},"modified":"2024-03-23T15:34:44","modified_gmt":"2024-03-23T15:34:44","slug":"de-la-legalizacion-del-porte-de-armas-al-paramilitarismo","status":"publish","type":"post","link":"https:\/\/ranpal.org\/?p=7927","title":{"rendered":"DE LA LEGALIZACI\u00d3N DEL PORTE DE ARMAS AL PARAMILITARISMO"},"content":{"rendered":"<p>Escrito por el Cro Benjam\u00edn Torres para la Revista Semanal Insurrecci\u00f3n n\u00famero 939 audio en la voz del Cro H\u00e9ctor Daniel Useche de la Radio Nacional Patria Libre.<\/p>\n<p>\u00abCon el argumento a la legitima defensa de la propiedad privada, las libertades y de la familia, avanza una matriz medi\u00e1tica de la derecha, basada en los altos \u00edndices de inseguridad, agigantados por las grandes empresas medi\u00e1ticas, promueven un proyecto de ley, para legalizar el porte de armas\u00bb.<\/p>\n<p><a href=\"https:\/\/radio.eln-voces.net\/public\/1\/podcast\/1eee3b69-ad3b-6240-a1d1-97633c81f131\/episode\/1eee92a3-2759-6fe6-b11e-b99e44f25657\" rel=\"noopener\" target=\"_blank\">ESCUCHE Y DESCARGUE AUDIO DESDE AZURACAST<\/a><\/p>\n<p><strong>Ranpal \u00abPorque T\u00fa y Yo somos comunidad insurgente\u00bb.<br \/>\nBogot\u00e1 s\u00e1bado 23 marzo 2024.<\/strong><\/p>\n<p><iframe src=\"https:\/\/www.ivoox.com\/player_ej_126367690_6_1.html?c1=f66151\" width=\"100%\" height=\"200\" frameborder=\"0\" allowfullscreen=\"\" scrolling=\"no\" loading=\"lazy\"><\/iframe><\/p>\n","protected":false},"excerpt":{"rendered":"<p>Escrito por el Cro Benjam\u00edn Torres para la Revista Semanal Insurrecci\u00f3n n\u00famero 939 audio en<\/p>\n","protected":false},"author":2,"featured_media":0,"comment_status":"open","ping_status":"open","sticky":false,"template":"","format":"standard","meta":{"h5ap_radio_sources":[],"footnotes":""},"categories":[449],"tags":[518,466,117,6],"class_list":["post-7927","post","type-post","status-publish","format-standard","hentry","category-https-eln-voces-net-2025-07-28-gentrificacion-otra-cara-del-despojo-noticiero-impacto-colombiano","tag-armas","tag-eln-59-anos","tag-gobierno","tag-revista"],"_links":{"self":[{"href":"https:\/\/ranpal.org\/index.php?rest_route=\/wp\/v2\/posts\/7927","targetHints":{"allow":["GET"]}}],"collection":[{"href":"https:\/\/ranpal.org\/index.php?rest_route=\/wp\/v2\/posts"}],"about":[{"href":"https:\/\/ranpal.org\/index.php?rest_route=\/wp\/v2\/types\/post"}],"author":[{"embeddable":true,"href":"https:\/\/ranpal.org\/index.php?rest_route=\/wp\/v2\/users\/2"}],"replies":[{"embeddable":true,"href":"https:\/\/ranpal.org\/index.php?rest_route=%2Fwp%2Fv2%2Fcomments&post=7927"}],"version-history":[{"count":4,"href":"https:\/\/ranpal.org\/index.php?rest_route=\/wp\/v2\/posts\/7927\/revisions"}],"predecessor-version":[{"id":7933,"href":"https:\/\/ranpal.org\/index.php?rest_route=\/wp\/v2\/posts\/7927\/revisions\/7933"}],"wp:attachment":[{"href":"https:\/\/ranpal.org\/index.php?rest_route=%2Fwp%2Fv2%2Fmedia&parent=7927"}],"wp:term":[{"taxonomy":"category","embeddable":true,"href":"https:\/\/ranpal.org\/index.php?rest_route=%2Fwp%2Fv2%2Fcategories&post=7927"},{"taxonomy":"post_tag","embeddable":true,"href":"https:\/\/ranpal.org\/index.php?rest_route=%2Fwp%2Fv2%2Ftags&post=7927"}],"curies":[{"name":"wp","href":"https:\/\/api.w.org\/{rel}","templated":true}]}}