{"id":7944,"date":"2024-03-25T02:49:18","date_gmt":"2024-03-25T02:49:18","guid":{"rendered":"https:\/\/ranpal.org\/?p=7944"},"modified":"2024-03-25T19:48:14","modified_gmt":"2024-03-25T19:48:14","slug":"que-el-pueblo-hable-mande-y-sea-poder-constituyente","status":"publish","type":"post","link":"https:\/\/ranpal.org\/?p=7944","title":{"rendered":"QUE EL PUEBLO HABLE, MANDE Y SEA PODER CONSTITUYENTE"},"content":{"rendered":"<p>Comunicado de la Direcci\u00f3n Nacional del Ej\u00e9rcito de Liberaci\u00f3n Nacional de Colombia.<\/p>\n<p>\u00abAnte el anuncio del presidente Gustavo Petro de convocar la realizaci\u00f3n de una Asamblea Nacional Constituyente, la Direcci\u00f3n Nacional del Ej\u00e9rcito de Liberaci\u00f3n Nacional -ELN-  le expresa al pais&#8230;\u00bb.<\/p>\n<p><a href=\"https:\/\/radio.eln-voces.net\/public\/1\/podcast\/1eeea5aa-4136-66e8-b386-1b416d4379c8\/episode\/1eeea5ac-d06d-6c4c-b7c5-abedcd9d3b86\" rel=\"noopener\" target=\"_blank\">ESCUCHE Y DESCARGUE AUDIO DESDE AZURACAST<\/a><\/p>\n<p><strong>Ranpal \u00abvoz y sentir del pueblo colombiano\u00bb.<br \/>\nBoogt\u00e1 Domingo 245 marzo 2024.<\/strong><\/p>\n<p><iframe src=\"https:\/\/www.ivoox.com\/player_ej_126412347_6_1.html?c1=ed333b\" width=\"100%\" height=\"200\" frameborder=\"0\" allowfullscreen=\"\" scrolling=\"no\" loading=\"lazy\"><\/iframe><\/p>\n","protected":false},"excerpt":{"rendered":"<p>Comunicado de la Direcci\u00f3n Nacional del Ej\u00e9rcito de Liberaci\u00f3n Nacional de Colombia. \u00abAnte el anuncio<\/p>\n","protected":false},"author":2,"featured_media":0,"comment_status":"open","ping_status":"open","sticky":false,"template":"","format":"image","meta":{"h5ap_radio_sources":[],"footnotes":""},"categories":[15],"tags":[443,520,184,5],"class_list":["post-7944","post","type-post","status-publish","format-image","hentry","category-editorial","tag-comunicados","tag-constituyente","tag-direccion-nacional","tag-eln","post_format-post-format-image"],"_links":{"self":[{"href":"https:\/\/ranpal.org\/index.php?rest_route=\/wp\/v2\/posts\/7944","targetHints":{"allow":["GET"]}}],"collection":[{"href":"https:\/\/ranpal.org\/index.php?rest_route=\/wp\/v2\/posts"}],"about":[{"href":"https:\/\/ranpal.org\/index.php?rest_route=\/wp\/v2\/types\/post"}],"author":[{"embeddable":true,"href":"https:\/\/ranpal.org\/index.php?rest_route=\/wp\/v2\/users\/2"}],"replies":[{"embeddable":true,"href":"https:\/\/ranpal.org\/index.php?rest_route=%2Fwp%2Fv2%2Fcomments&post=7944"}],"version-history":[{"count":9,"href":"https:\/\/ranpal.org\/index.php?rest_route=\/wp\/v2\/posts\/7944\/revisions"}],"predecessor-version":[{"id":7957,"href":"https:\/\/ranpal.org\/index.php?rest_route=\/wp\/v2\/posts\/7944\/revisions\/7957"}],"wp:attachment":[{"href":"https:\/\/ranpal.org\/index.php?rest_route=%2Fwp%2Fv2%2Fmedia&parent=7944"}],"wp:term":[{"taxonomy":"category","embeddable":true,"href":"https:\/\/ranpal.org\/index.php?rest_route=%2Fwp%2Fv2%2Fcategories&post=7944"},{"taxonomy":"post_tag","embeddable":true,"href":"https:\/\/ranpal.org\/index.php?rest_route=%2Fwp%2Fv2%2Ftags&post=7944"}],"curies":[{"name":"wp","href":"https:\/\/api.w.org\/{rel}","templated":true}]}}