{"id":7961,"date":"2024-03-26T16:26:48","date_gmt":"2024-03-26T16:26:48","guid":{"rendered":"https:\/\/ranpal.org\/?p=7961"},"modified":"2024-03-26T17:08:53","modified_gmt":"2024-03-26T17:08:53","slug":"enjambre-de-bandas","status":"publish","type":"post","link":"https:\/\/ranpal.org\/?p=7961","title":{"rendered":"ENJAMBRE DE BANDAS"},"content":{"rendered":"<p>Escrito por Antonio Garc\u00eda, Primer Comandante del ELN y publicado en su Canal de Telegram ELN-ANTONIOGARCIA-PRIVADO y publicado este lunes 25 de marzo del 2024. Tambi\u00e9n lo puede leer en la Revista Insurrecci\u00f3n n\u00famero 940 que puede descargar desde nuestro portal <a href=\"http:\/\/Ranpal.org\" rel=\"noopener\" target=\"_blank\">Ranpal.org<\/a> o desde la web oficial de la organizaci\u00f3n <a href=\"https:\/\/eln-voces.net\/\" rel=\"noopener\" target=\"_blank\">eln-voces.net<\/a><\/p>\n<p>\u00abEn varios pa\u00edses de Am\u00e9rica Latina, como una cosa salida de la nada, las bandas u organizaciones criminales brotaron como \u00abenjambres\u00bb para realizar acciones de desestabilizaci\u00f3n\u00bb.<\/p>\n<p><a href=\"https:\/\/radio.eln-voces.net\/public\/1\/podcast\/1eeeb912-40f8-67d2-8ff6-dd2b59361f0b\/episode\/1eeeb915-e1f4-6980-be27-cd62308e5ef0\" rel=\"noopener\" target=\"_blank\">ESCUCHAR Y DESCARGAR AUDIO DESDE AZURACAST<\/a><\/p>\n<p><strong>Ranpal \u00abPorque SOMOS pueblo en rebeli\u00f3n\u00bb.<br \/>\nBogot\u00e1 martes 26 de marzo 2024.<\/strong><\/p>\n<p><iframe src=\"https:\/\/www.ivoox.com\/player_ej_126515499_6_1.html?c1=f66151\" width=\"100%\" height=\"200\" frameborder=\"0\" allowfullscreen=\"\" scrolling=\"no\" loading=\"lazy\"><\/iframe><\/p>\n","protected":false},"excerpt":{"rendered":"<p>Escrito por Antonio Garc\u00eda, Primer Comandante del ELN y publicado en su Canal de Telegram<\/p>\n","protected":false},"author":2,"featured_media":0,"comment_status":"open","ping_status":"open","sticky":false,"template":"","format":"standard","meta":{"h5ap_radio_sources":[],"footnotes":""},"categories":[449],"tags":[523,524,525],"class_list":["post-7961","post","type-post","status-publish","format-standard","hentry","category-https-eln-voces-net-2025-07-28-gentrificacion-otra-cara-del-despojo-noticiero-impacto-colombiano","tag-bandas","tag-enjambre","tag-telegram-cmte-antonio-garcia"],"_links":{"self":[{"href":"https:\/\/ranpal.org\/index.php?rest_route=\/wp\/v2\/posts\/7961","targetHints":{"allow":["GET"]}}],"collection":[{"href":"https:\/\/ranpal.org\/index.php?rest_route=\/wp\/v2\/posts"}],"about":[{"href":"https:\/\/ranpal.org\/index.php?rest_route=\/wp\/v2\/types\/post"}],"author":[{"embeddable":true,"href":"https:\/\/ranpal.org\/index.php?rest_route=\/wp\/v2\/users\/2"}],"replies":[{"embeddable":true,"href":"https:\/\/ranpal.org\/index.php?rest_route=%2Fwp%2Fv2%2Fcomments&post=7961"}],"version-history":[{"count":5,"href":"https:\/\/ranpal.org\/index.php?rest_route=\/wp\/v2\/posts\/7961\/revisions"}],"predecessor-version":[{"id":7969,"href":"https:\/\/ranpal.org\/index.php?rest_route=\/wp\/v2\/posts\/7961\/revisions\/7969"}],"wp:attachment":[{"href":"https:\/\/ranpal.org\/index.php?rest_route=%2Fwp%2Fv2%2Fmedia&parent=7961"}],"wp:term":[{"taxonomy":"category","embeddable":true,"href":"https:\/\/ranpal.org\/index.php?rest_route=%2Fwp%2Fv2%2Fcategories&post=7961"},{"taxonomy":"post_tag","embeddable":true,"href":"https:\/\/ranpal.org\/index.php?rest_route=%2Fwp%2Fv2%2Ftags&post=7961"}],"curies":[{"name":"wp","href":"https:\/\/api.w.org\/{rel}","templated":true}]}}