{"id":8015,"date":"2024-04-09T12:25:51","date_gmt":"2024-04-09T12:25:51","guid":{"rendered":"https:\/\/ranpal.org\/?p=8015"},"modified":"2024-04-09T12:51:55","modified_gmt":"2024-04-09T12:51:55","slug":"un-nueve-de-abril-mas","status":"publish","type":"post","link":"https:\/\/ranpal.org\/?p=8015","title":{"rendered":"UN NUEVE DE ABRIL M\u00c1S"},"content":{"rendered":"<p>Editorial semanal de la Revista Insurrecci\u00f3n n\u00famero 942 escrito por el Comando Central(Coce) del Ej\u00e9rcito de Liberaci\u00f3n Nacional(ELN) y publicado este lunes 08 de abril en el portal <a href=\"http:\/\/www.eln-voces.net\" rel=\"noopener\" target=\"_blank\">eln-voces.net<\/a><\/p>\n<p>El nueve de abril fue instituido en Colombia como el D\u00eda de las V\u00edctimas, una lucha que los pueblos han dado para dignificar y fortalecer la memoria de lideresas y l\u00edderes asesinados, de familiares, amigos o vecinos desaparecidos, de comunidades desplazadas y despojadas de sus tierras.<\/p>\n<p><a href=\"https:\/\/radio.eln-voces.net\/public\/1\/podcast\/1eef66f7-5449-6e10-a7cc-e115af712267\/episode\/1eef66fb-e0a4-6050-a0ce-41bf00b6eaad\" rel=\"noopener\" target=\"_blank\">ESCUCHE Y DESCARGUE AUDIO DESDE AZURACAST<\/a><\/p>\n<p><strong>Ranpal \u00abSomos comunicaci\u00f3n popular e insurgente\u00bb.<br \/>\nBogot\u00e1 lunes 08 abril 2024.<\/strong><\/p>\n<p><iframe src=\"https:\/\/www.ivoox.com\/player_ej_127239673_6_1.html?c1=ed333b\" width=\"100%\" height=\"200\" frameborder=\"0\" allowfullscreen=\"\" scrolling=\"no\" loading=\"lazy\"><\/iframe><\/p>\n","protected":false},"excerpt":{"rendered":"<p>Editorial semanal de la Revista Insurrecci\u00f3n n\u00famero 942 escrito por el Comando Central(Coce) del Ej\u00e9rcito<\/p>\n","protected":false},"author":2,"featured_media":0,"comment_status":"open","ping_status":"open","sticky":false,"template":"","format":"standard","meta":{"h5ap_radio_sources":[],"footnotes":""},"categories":[15],"tags":[18,133,527,233],"class_list":["post-8015","post","type-post","status-publish","format-standard","hentry","category-editorial","tag-coce","tag-colombia","tag-editorial-942","tag-revista-insurreccion"],"_links":{"self":[{"href":"https:\/\/ranpal.org\/index.php?rest_route=\/wp\/v2\/posts\/8015","targetHints":{"allow":["GET"]}}],"collection":[{"href":"https:\/\/ranpal.org\/index.php?rest_route=\/wp\/v2\/posts"}],"about":[{"href":"https:\/\/ranpal.org\/index.php?rest_route=\/wp\/v2\/types\/post"}],"author":[{"embeddable":true,"href":"https:\/\/ranpal.org\/index.php?rest_route=\/wp\/v2\/users\/2"}],"replies":[{"embeddable":true,"href":"https:\/\/ranpal.org\/index.php?rest_route=%2Fwp%2Fv2%2Fcomments&post=8015"}],"version-history":[{"count":3,"href":"https:\/\/ranpal.org\/index.php?rest_route=\/wp\/v2\/posts\/8015\/revisions"}],"predecessor-version":[{"id":8022,"href":"https:\/\/ranpal.org\/index.php?rest_route=\/wp\/v2\/posts\/8015\/revisions\/8022"}],"wp:attachment":[{"href":"https:\/\/ranpal.org\/index.php?rest_route=%2Fwp%2Fv2%2Fmedia&parent=8015"}],"wp:term":[{"taxonomy":"category","embeddable":true,"href":"https:\/\/ranpal.org\/index.php?rest_route=%2Fwp%2Fv2%2Fcategories&post=8015"},{"taxonomy":"post_tag","embeddable":true,"href":"https:\/\/ranpal.org\/index.php?rest_route=%2Fwp%2Fv2%2Ftags&post=8015"}],"curies":[{"name":"wp","href":"https:\/\/api.w.org\/{rel}","templated":true}]}}