{"id":8024,"date":"2024-04-09T19:35:54","date_gmt":"2024-04-09T19:35:54","guid":{"rendered":"https:\/\/ranpal.org\/?p=8024"},"modified":"2024-04-09T19:46:09","modified_gmt":"2024-04-09T19:46:09","slug":"oligarquia-mato-a-gaitan-y-sigue-asesinando-dirigentes-sociales","status":"publish","type":"post","link":"https:\/\/ranpal.org\/?p=8024","title":{"rendered":"OLIGARQU\u00cdA MAT\u00d3 A GAIT\u00c1N Y SIGUE ASESINANDO DIRIGENTES SOCIALES"},"content":{"rendered":"<p><strong>SABIAS QUE&#8230;<\/strong><\/p>\n<p>Este 9 de abril se cumplen 76 a\u00f1os del Asesinato de Jorge Eliecer Gait\u00e1n y con ello la \u00e9lite parti\u00f3 la historia reciente de Colombia en dos.<br \/>\n<strong><br \/>\n1<\/strong>. Con la  direcci\u00f3n de la dictdura capitalista de los Estados Unidos, se consolid\u00f3 el Estado colombiano antipopular y anticomunista que adoct\u00f3 como doctrina pol\u00edtica <strong>LA TRADICI\u00d3N, FAMILIA Y PROPIEDAD. <\/strong><\/p>\n<p><strong>2<\/strong>. \u00c9sta, generaliz\u00f3 la <strong>\u00abguerra fr\u00eda\u00bb<\/strong> y la eliminaci\u00f3n f\u00edsica del opositor pol\u00edtico; pol\u00edtica clasista y terrorista que hasta hoy se aplica con cinismo y perversidad.<br \/>\n<strong><br \/>\nRanpal \u00abSomos comunicaci\u00f3n insurgente\u00bb.<br \/>\nBogot\u00e1 09 de abril 2024<\/strong><\/p>\n<blockquote class=\"twitter-tweet\" data-media-max-width=\"560\">\n<p lang=\"es\" dir=\"ltr\"><a href=\"https:\/\/twitter.com\/hashtag\/GAIT%C3%81N?src=hash&amp;ref_src=twsrc%5Etfw\">#GAIT\u00c1N<\/a> ASESINADO POR LAS OLIGARQU\u00cdAS COLOMBIANAS Y ESTADOUNIDENSES.\/\/Ranpal.org <a href=\"https:\/\/t.co\/rOxLjzOU9i\">pic.twitter.com\/rOxLjzOU9i<\/a><\/p>\n<p>&mdash; @Ramirodice2 (@juan86093997770) <a href=\"https:\/\/twitter.com\/juan86093997770\/status\/1777739018484187284?ref_src=twsrc%5Etfw\">April 9, 2024<\/a><\/p><\/blockquote>\n<p> <script async src=\"https:\/\/platform.twitter.com\/widgets.js\" charset=\"utf-8\"><\/script> <\/p>\n","protected":false},"excerpt":{"rendered":"<p>SABIAS QUE&#8230; Este 9 de abril se cumplen 76 a\u00f1os del Asesinato de Jorge Eliecer<\/p>\n","protected":false},"author":2,"featured_media":0,"comment_status":"open","ping_status":"open","sticky":false,"template":"","format":"standard","meta":{"h5ap_radio_sources":[],"footnotes":""},"categories":[279],"tags":[133,246,477,529,528],"class_list":["post-8024","post","type-post","status-publish","format-standard","hentry","category-memoria-historca","tag-colombia","tag-gaitan","tag-ranpal","tag-sabias-que","tag-tiktok"],"_links":{"self":[{"href":"https:\/\/ranpal.org\/index.php?rest_route=\/wp\/v2\/posts\/8024","targetHints":{"allow":["GET"]}}],"collection":[{"href":"https:\/\/ranpal.org\/index.php?rest_route=\/wp\/v2\/posts"}],"about":[{"href":"https:\/\/ranpal.org\/index.php?rest_route=\/wp\/v2\/types\/post"}],"author":[{"embeddable":true,"href":"https:\/\/ranpal.org\/index.php?rest_route=\/wp\/v2\/users\/2"}],"replies":[{"embeddable":true,"href":"https:\/\/ranpal.org\/index.php?rest_route=%2Fwp%2Fv2%2Fcomments&post=8024"}],"version-history":[{"count":4,"href":"https:\/\/ranpal.org\/index.php?rest_route=\/wp\/v2\/posts\/8024\/revisions"}],"predecessor-version":[{"id":8030,"href":"https:\/\/ranpal.org\/index.php?rest_route=\/wp\/v2\/posts\/8024\/revisions\/8030"}],"wp:attachment":[{"href":"https:\/\/ranpal.org\/index.php?rest_route=%2Fwp%2Fv2%2Fmedia&parent=8024"}],"wp:term":[{"taxonomy":"category","embeddable":true,"href":"https:\/\/ranpal.org\/index.php?rest_route=%2Fwp%2Fv2%2Fcategories&post=8024"},{"taxonomy":"post_tag","embeddable":true,"href":"https:\/\/ranpal.org\/index.php?rest_route=%2Fwp%2Fv2%2Ftags&post=8024"}],"curies":[{"name":"wp","href":"https:\/\/api.w.org\/{rel}","templated":true}]}}