{"id":8031,"date":"2024-04-12T03:37:43","date_gmt":"2024-04-12T03:37:43","guid":{"rendered":"https:\/\/ranpal.org\/?p=8031"},"modified":"2024-04-12T04:09:38","modified_gmt":"2024-04-12T04:09:38","slug":"memoricidio-en-cinco-actos","status":"publish","type":"post","link":"https:\/\/ranpal.org\/?p=8031","title":{"rendered":"MEMORICIDIO EN CINCO ACTOS"},"content":{"rendered":"<p>Escrito por Antonio Garc\u00eda, Primer Comandante del Ej\u00e9rcito de Liberaci\u00f3n Nacional y publicado esta semana en su canal de Telegram <a href=\"https:\/\/t.me\/ELN_AntonioGarcia\" rel=\"noopener\" target=\"_blank\">https:\/\/t.me\/ELN_AntonioGarcia<\/a><\/strong> Tambien lo puede leer y descargar desde la <strong>Revista Insurreecci\u00f3n n\u00famero 842<\/strong> que la encuentra en el portal <a href=\"http:\/\/www.eln-voces.net\" rel=\"noopener\" target=\"_blank\">eln-voces.net<\/a><\/p>\n<p>La Colombia de hoy, debe desempolvar los archivos del Congreso de la Rep\u00fablica de finales del cincuenta y comienzos de los sesenta, concernientes a los debates que buscaban darle soluciones a los r\u00edos de sangre que recorr\u00edan a lo largo y ancho del pa\u00eds.<\/p>\n<p><a href=\"https:\/\/radio.eln-voces.net\/public\/1\/podcast\/1eef8815-b838-6e00-a6a7-87885224142d\/episode\/1eef881b-5a06-6fd4-8076-175878eae5cd\" rel=\"noopener\" target=\"_blank\">ESCUCHE Y DESCARGUE AUDIO DESDE AZURACAST<\/a><\/p>\n<p><strong>Ranpal \u00abSOMOS comunicaci\u00f3n insurgente y popular\u00bb.<br \/>\nBogot\u00e1 jueves 11 abril 2024.<\/strong><\/p>\n<p><iframe src=\"https:\/\/www.ivoox.com\/player_ej_127428136_6_1.html?c1=ed333b\" width=\"100%\" height=\"200\" frameborder=\"0\" allowfullscreen=\"\" scrolling=\"no\" loading=\"lazy\"><\/iframe><\/p>\n","protected":false},"excerpt":{"rendered":"<p>Escrito por Antonio Garc\u00eda, Primer Comandante del Ej\u00e9rcito de Liberaci\u00f3n Nacional y publicado esta semana<\/p>\n","protected":false},"author":2,"featured_media":0,"comment_status":"open","ping_status":"open","sticky":false,"template":"","format":"standard","meta":{"h5ap_radio_sources":[],"footnotes":""},"categories":[449],"tags":[210,133,7,531,530],"class_list":["post-8031","post","type-post","status-publish","format-standard","hentry","category-https-eln-voces-net-2025-07-28-gentrificacion-otra-cara-del-despojo-noticiero-impacto-colombiano","tag-cmte-antonio-garcia","tag-colombia","tag-insurreccion","tag-memoricidio","tag-teelgram"],"_links":{"self":[{"href":"https:\/\/ranpal.org\/index.php?rest_route=\/wp\/v2\/posts\/8031","targetHints":{"allow":["GET"]}}],"collection":[{"href":"https:\/\/ranpal.org\/index.php?rest_route=\/wp\/v2\/posts"}],"about":[{"href":"https:\/\/ranpal.org\/index.php?rest_route=\/wp\/v2\/types\/post"}],"author":[{"embeddable":true,"href":"https:\/\/ranpal.org\/index.php?rest_route=\/wp\/v2\/users\/2"}],"replies":[{"embeddable":true,"href":"https:\/\/ranpal.org\/index.php?rest_route=%2Fwp%2Fv2%2Fcomments&post=8031"}],"version-history":[{"count":5,"href":"https:\/\/ranpal.org\/index.php?rest_route=\/wp\/v2\/posts\/8031\/revisions"}],"predecessor-version":[{"id":8037,"href":"https:\/\/ranpal.org\/index.php?rest_route=\/wp\/v2\/posts\/8031\/revisions\/8037"}],"wp:attachment":[{"href":"https:\/\/ranpal.org\/index.php?rest_route=%2Fwp%2Fv2%2Fmedia&parent=8031"}],"wp:term":[{"taxonomy":"category","embeddable":true,"href":"https:\/\/ranpal.org\/index.php?rest_route=%2Fwp%2Fv2%2Fcategories&post=8031"},{"taxonomy":"post_tag","embeddable":true,"href":"https:\/\/ranpal.org\/index.php?rest_route=%2Fwp%2Fv2%2Ftags&post=8031"}],"curies":[{"name":"wp","href":"https:\/\/api.w.org\/{rel}","templated":true}]}}