{"id":8049,"date":"2024-04-14T21:04:49","date_gmt":"2024-04-14T21:04:49","guid":{"rendered":"https:\/\/ranpal.org\/?p=8049"},"modified":"2024-04-14T21:09:17","modified_gmt":"2024-04-14T21:09:17","slug":"convocatoria-al-vi-congreso-del-ejercito-de-liberacion-nacional","status":"publish","type":"post","link":"https:\/\/ranpal.org\/?p=8049","title":{"rendered":"CONVOCATORIA AL VI CONGRESO DEL EJ\u00c9RCITO DE LIBERACI\u00d3N NACIONAL"},"content":{"rendered":"<p><strong>El Comando Central y la Direcci\u00f3n Nacional del ELN<\/strong>, convocan a todos los mandos nacionales y regionales, as\u00ed como a sus 8 Frentes de Guerra y Estructuras Especializadas a preparar el VI Congreso Nacional del ELN.<\/p>\n<p>Este evento democr\u00e1tico, m\u00e1xima autoridad del ELN, de la \u00fanica fuerza guerrillera activa en el continente, se realiza para conmemorar los 60 a\u00f1os de haber iniciado sus caminos en la rebeli\u00f3n armada, derecho leg\u00edtimo de los pueblos.<\/p>\n<p>La actual situaci\u00f3n de Colombia, el continente y el mundo requieren que el ELN actualice sus pol\u00edticas para ponerse a tono con las b\u00fasquedas y aspiraciones de las mayor\u00edas de Colombia para convocar a la lucha por las transformaciones de fondo y encontrar caminos m\u00e1s certeros para el futuro.<\/p>\n<p>El VI Congreso se realizar\u00e1 en el segundo semestre de 2024, en este tiempo circularemos documentos para recibir aportes, opiniones y reflexiones, pues para el ELN la construcci\u00f3n de sus pol\u00edticas se hacen de cara al pa\u00eds.<\/p>\n<p><strong>\u00a1Colombia&#8230; para los trabajadores!<br \/>\n\u00a1Ni un paso atr\u00e1s&#8230; liberaci\u00f3n o muerte!<br \/>\nComando Central &#8211; Direcci\u00f3n Nacional<br \/>\nEj\u00e9rcito de Liberaci\u00f3n Nacional<br \/>\nAbril de 2024 <\/strong><\/p>\n","protected":false},"excerpt":{"rendered":"<p>El Comando Central y la Direcci\u00f3n Nacional del ELN, convocan a todos los mandos nacionales<\/p>\n","protected":false},"author":2,"featured_media":0,"comment_status":"open","ping_status":"open","sticky":false,"template":"","format":"standard","meta":{"h5ap_radio_sources":[],"footnotes":""},"categories":[456,521],"tags":[537,536,535],"class_list":["post-8049","post","type-post","status-publish","format-standard","hentry","category-comunicados-coce","category-direccion-nacional-eln","tag-congreso","tag-convocatoria","tag-eln-coce"],"_links":{"self":[{"href":"https:\/\/ranpal.org\/index.php?rest_route=\/wp\/v2\/posts\/8049","targetHints":{"allow":["GET"]}}],"collection":[{"href":"https:\/\/ranpal.org\/index.php?rest_route=\/wp\/v2\/posts"}],"about":[{"href":"https:\/\/ranpal.org\/index.php?rest_route=\/wp\/v2\/types\/post"}],"author":[{"embeddable":true,"href":"https:\/\/ranpal.org\/index.php?rest_route=\/wp\/v2\/users\/2"}],"replies":[{"embeddable":true,"href":"https:\/\/ranpal.org\/index.php?rest_route=%2Fwp%2Fv2%2Fcomments&post=8049"}],"version-history":[{"count":1,"href":"https:\/\/ranpal.org\/index.php?rest_route=\/wp\/v2\/posts\/8049\/revisions"}],"predecessor-version":[{"id":8050,"href":"https:\/\/ranpal.org\/index.php?rest_route=\/wp\/v2\/posts\/8049\/revisions\/8050"}],"wp:attachment":[{"href":"https:\/\/ranpal.org\/index.php?rest_route=%2Fwp%2Fv2%2Fmedia&parent=8049"}],"wp:term":[{"taxonomy":"category","embeddable":true,"href":"https:\/\/ranpal.org\/index.php?rest_route=%2Fwp%2Fv2%2Fcategories&post=8049"},{"taxonomy":"post_tag","embeddable":true,"href":"https:\/\/ranpal.org\/index.php?rest_route=%2Fwp%2Fv2%2Ftags&post=8049"}],"curies":[{"name":"wp","href":"https:\/\/api.w.org\/{rel}","templated":true}]}}