{"id":8053,"date":"2024-04-14T22:51:52","date_gmt":"2024-04-14T22:51:52","guid":{"rendered":"https:\/\/ranpal.org\/?p=8053"},"modified":"2024-04-14T22:51:52","modified_gmt":"2024-04-14T22:51:52","slug":"gobierno-congela-mesa-de-dialogos-con-el-eln","status":"publish","type":"post","link":"https:\/\/ranpal.org\/?p=8053","title":{"rendered":"GOBIERNO CONGELA MESA DE DI\u00c1LOGOS CON EL ELN"},"content":{"rendered":"<p><strong>COMUNICADO:<\/strong><\/p>\n<p><strong>1<\/strong>. En la reuni\u00f3n de la Habna finalizada el 26 de febrero, la Delegaci\u00f3n de Di\u00e1logos del ELN notific\u00f3 a los delegados del gobierno nacional, que la persistencia gubernamental de adelantar una operaci\u00f3n de desmovilizaci\u00f3n en Nari\u00f1o en contra del ELN, colocaba esta mesa de di\u00e1logos de paz en en estado de pausa.<\/p>\n<p><strong>2<\/strong>. Durante el mes de marzo las decisiones del gobierno prosiguieron con el doble manejo del proceso de paz con el ELN, en el que asiste a esta Mesa de di\u00e1logos, mientras por debajo de ella promueve la desmovilizaci\u00f3n en Nari\u00f1o, condcuta contaria al juego l\u00edmpio y la buena fe que deben caracterizar las conversaciones de paz, con lo que ha llevado a esta Mesa a un estado de  congelamiento.<\/p>\n<p><strong>3<\/strong>. En consecuencia, el ciclo de conveersaciones previsto para este mes de abril se suspendi\u00f3.<br \/>\n<strong><br \/>\n4<\/strong>. La Delegaci\u00f3n de Di\u00e1logos del ELN lleg\u00f3 ayer a Caracas, para asistir a una reuni\u00f3n extraordinaria con los delegados del gobierno nacional, con el prop\u00f3sito de escucharlos y aclarar lo que sigue.<br \/>\n<strong><br \/>\nDelegaci\u00f3n de Di\u00e1logos del ELN<br \/>\nCaracas 11 de abril 2024.<\/strong><\/p>\n<p><a href=\"https:\/\/twitter.com\/DelegacionEln\" rel=\"noopener\" target=\"_blank\">DELEGACI\u00d3N DE DIA\u0139OGOS ELN<\/a><\/p>\n","protected":false},"excerpt":{"rendered":"<p>COMUNICADO: 1. En la reuni\u00f3n de la Habna finalizada el 26 de febrero, la Delegaci\u00f3n<\/p>\n","protected":false},"author":2,"featured_media":0,"comment_status":"open","ping_status":"open","sticky":false,"template":"","format":"standard","meta":{"h5ap_radio_sources":[],"footnotes":""},"categories":[21],"tags":[356,133,538,117,138],"class_list":["post-8053","post","type-post","status-publish","format-standard","hentry","category-ranpal-org","tag-caracas","tag-colombia","tag-diaogos","tag-gobierno","tag-paz"],"_links":{"self":[{"href":"https:\/\/ranpal.org\/index.php?rest_route=\/wp\/v2\/posts\/8053","targetHints":{"allow":["GET"]}}],"collection":[{"href":"https:\/\/ranpal.org\/index.php?rest_route=\/wp\/v2\/posts"}],"about":[{"href":"https:\/\/ranpal.org\/index.php?rest_route=\/wp\/v2\/types\/post"}],"author":[{"embeddable":true,"href":"https:\/\/ranpal.org\/index.php?rest_route=\/wp\/v2\/users\/2"}],"replies":[{"embeddable":true,"href":"https:\/\/ranpal.org\/index.php?rest_route=%2Fwp%2Fv2%2Fcomments&post=8053"}],"version-history":[{"count":2,"href":"https:\/\/ranpal.org\/index.php?rest_route=\/wp\/v2\/posts\/8053\/revisions"}],"predecessor-version":[{"id":8056,"href":"https:\/\/ranpal.org\/index.php?rest_route=\/wp\/v2\/posts\/8053\/revisions\/8056"}],"wp:attachment":[{"href":"https:\/\/ranpal.org\/index.php?rest_route=%2Fwp%2Fv2%2Fmedia&parent=8053"}],"wp:term":[{"taxonomy":"category","embeddable":true,"href":"https:\/\/ranpal.org\/index.php?rest_route=%2Fwp%2Fv2%2Fcategories&post=8053"},{"taxonomy":"post_tag","embeddable":true,"href":"https:\/\/ranpal.org\/index.php?rest_route=%2Fwp%2Fv2%2Ftags&post=8053"}],"curies":[{"name":"wp","href":"https:\/\/api.w.org\/{rel}","templated":true}]}}