{"id":8070,"date":"2024-04-16T02:37:39","date_gmt":"2024-04-16T02:37:39","guid":{"rendered":"https:\/\/ranpal.org\/?p=8070"},"modified":"2024-04-18T04:50:06","modified_gmt":"2024-04-18T04:50:06","slug":"con-presos-politicos-y-sin-paz-total","status":"publish","type":"post","link":"https:\/\/ranpal.org\/?p=8070","title":{"rendered":"CON PRESOS POL\u00cdTICOS Y SIN \u00abPAZ TOTAL\u00bb"},"content":{"rendered":"<p><strong>E<\/strong>scrito por el Comandante Antonio Garc\u00eda, Primer Responsable del Ej\u00e9rcito de Liberaci\u00f3n Nacional(ELN) y publicado este lunes 15 de abril en su canal de Telegram:<a href=\"http:\/\/ELN-AntonioGarcia-ELN\" rel=\"noopener\" target=\"_blank\"> ELN-AntonioGarcia-ELN <\/a>, igualmente en su cuenta de X:  <a href=\"http:\/\/@AntonioGaELN\" rel=\"noopener\" target=\"_blank\">@AntonioGaELN<\/a><\/p>\n<p>Este mes los presos del estallido social se declararon en huelga de hambre por cuarta vez. Resulta parad\u00f3jico que los j\u00f3venes que est\u00e1n encarcelados por haber salido a protestar deban dejar de comer para que el Gobierno, en este caso progresista, los escuche. Y ni as\u00ed. <\/p>\n<p><a href=\"https:\/\/radio.eln-voces.net\/public\/1\/podcast\/1eefd3b7-d7c5-6078-a41b-9f90f798dbc8\/episode\/1eefd3ce-c37c-67da-8110-3d043ae1ede9\" rel=\"noopener\" target=\"_blank\">ESCUCHE Y DESCARGUE AUDIO DESDE AZURACAST<\/a><\/p>\n<p><strong>Ranpal \u00abSOMOS comunicaci\u00f3n insurgente\u00bb.<br \/>\nBogot\u00e1 mi\u00e9rcoles 17 abirl 2024.<\/strong><\/p>\n<p><iframe src=\"https:\/\/www.ivoox.com\/player_ej_127717212_6_1.html?c1=ed333b\" width=\"100%\" height=\"200\" frameborder=\"0\" allowfullscreen=\"\" scrolling=\"no\" loading=\"lazy\"><\/iframe><\/p>\n","protected":false},"excerpt":{"rendered":"<p>Escrito por el Comandante Antonio Garc\u00eda, Primer Responsable del Ej\u00e9rcito de Liberaci\u00f3n Nacional(ELN) y publicado<\/p>\n","protected":false},"author":2,"featured_media":0,"comment_status":"open","ping_status":"open","sticky":false,"template":"","format":"standard","meta":{"h5ap_radio_sources":[],"footnotes":""},"categories":[449],"tags":[210,219,539],"class_list":["post-8070","post","type-post","status-publish","format-standard","hentry","category-https-eln-voces-net-2025-07-28-gentrificacion-otra-cara-del-despojo-noticiero-impacto-colombiano","tag-cmte-antonio-garcia","tag-presos","tag-psz"],"_links":{"self":[{"href":"https:\/\/ranpal.org\/index.php?rest_route=\/wp\/v2\/posts\/8070","targetHints":{"allow":["GET"]}}],"collection":[{"href":"https:\/\/ranpal.org\/index.php?rest_route=\/wp\/v2\/posts"}],"about":[{"href":"https:\/\/ranpal.org\/index.php?rest_route=\/wp\/v2\/types\/post"}],"author":[{"embeddable":true,"href":"https:\/\/ranpal.org\/index.php?rest_route=\/wp\/v2\/users\/2"}],"replies":[{"embeddable":true,"href":"https:\/\/ranpal.org\/index.php?rest_route=%2Fwp%2Fv2%2Fcomments&post=8070"}],"version-history":[{"count":5,"href":"https:\/\/ranpal.org\/index.php?rest_route=\/wp\/v2\/posts\/8070\/revisions"}],"predecessor-version":[{"id":8086,"href":"https:\/\/ranpal.org\/index.php?rest_route=\/wp\/v2\/posts\/8070\/revisions\/8086"}],"wp:attachment":[{"href":"https:\/\/ranpal.org\/index.php?rest_route=%2Fwp%2Fv2%2Fmedia&parent=8070"}],"wp:term":[{"taxonomy":"category","embeddable":true,"href":"https:\/\/ranpal.org\/index.php?rest_route=%2Fwp%2Fv2%2Fcategories&post=8070"},{"taxonomy":"post_tag","embeddable":true,"href":"https:\/\/ranpal.org\/index.php?rest_route=%2Fwp%2Fv2%2Ftags&post=8070"}],"curies":[{"name":"wp","href":"https:\/\/api.w.org\/{rel}","templated":true}]}}