{"id":8074,"date":"2024-04-16T22:22:02","date_gmt":"2024-04-16T22:22:02","guid":{"rendered":"https:\/\/ranpal.org\/?p=8074"},"modified":"2024-04-16T23:01:19","modified_gmt":"2024-04-16T23:01:19","slug":"congresistas-prepagados-por-multinacionales","status":"publish","type":"post","link":"https:\/\/ranpal.org\/?p=8074","title":{"rendered":"CONGRESISTAS PREPAGADOS POR MULTINACIONALES"},"content":{"rendered":"<p>Escrito por Sergio Torres para la Revista semanal Insurrecci\u00f3n n\u00famero 942 del Ej\u00e9rcito de Liberaci\u00f3n Nacional(ELN) y publicado en el portal <a href=\"http:\/\/www.eln-voces.net\" rel=\"noopener\" target=\"_blank\">www.eln-voces.net<\/a><\/p>\n<p>El hundimiento en el Congreso de la reforma a la salud propuesta por el gobierno, es una muestra m\u00e1s de lo corrupto que es el poder legislativo colombiano y evidencia la mentalidad delincuente enquistada en el Congreso de la Rep\u00fablica.<\/p>\n<p><a href=\"https:\/\/radio.eln-voces.net\/public\/1\/podcast\/1eefc400-6d4b-6d1c-b4e1-d7c20f491b76\/episode\/1eefc403-faff-6cc8-9452-e72226fc35c7\" rel=\"noopener\" target=\"_blank\">ESCUCHE Y DESCARGUE AUDIO DESDE AZURACAST<\/a><\/p>\n<p><strong>Ranpal \u00abSOMOS comunicaci\u00f3n insurgente y popular\u00bb.<br \/>\nBogot\u00e1 martes 16 abril 2024.<\/strong><\/p>\n<p><iframe src=\"https:\/\/www.ivoox.com\/player_ej_127654550_6_1.html?c1=ed333b\" width=\"100%\" height=\"200\" frameborder=\"0\" allowfullscreen=\"\" scrolling=\"no\" loading=\"lazy\"><\/iframe><\/p>\n","protected":false},"excerpt":{"rendered":"<p>Escrito por Sergio Torres para la Revista semanal Insurrecci\u00f3n n\u00famero 942 del Ej\u00e9rcito de Liberaci\u00f3n<\/p>\n","protected":false},"author":2,"featured_media":0,"comment_status":"open","ping_status":"open","sticky":false,"template":"","format":"standard","meta":{"h5ap_radio_sources":[],"footnotes":""},"categories":[449],"tags":[133,540,541],"class_list":["post-8074","post","type-post","status-publish","format-standard","hentry","category-https-eln-voces-net-2025-07-28-gentrificacion-otra-cara-del-despojo-noticiero-impacto-colombiano","tag-colombia","tag-congresistas","tag-opinion-revista-insurreccion"],"_links":{"self":[{"href":"https:\/\/ranpal.org\/index.php?rest_route=\/wp\/v2\/posts\/8074","targetHints":{"allow":["GET"]}}],"collection":[{"href":"https:\/\/ranpal.org\/index.php?rest_route=\/wp\/v2\/posts"}],"about":[{"href":"https:\/\/ranpal.org\/index.php?rest_route=\/wp\/v2\/types\/post"}],"author":[{"embeddable":true,"href":"https:\/\/ranpal.org\/index.php?rest_route=\/wp\/v2\/users\/2"}],"replies":[{"embeddable":true,"href":"https:\/\/ranpal.org\/index.php?rest_route=%2Fwp%2Fv2%2Fcomments&post=8074"}],"version-history":[{"count":6,"href":"https:\/\/ranpal.org\/index.php?rest_route=\/wp\/v2\/posts\/8074\/revisions"}],"predecessor-version":[{"id":8082,"href":"https:\/\/ranpal.org\/index.php?rest_route=\/wp\/v2\/posts\/8074\/revisions\/8082"}],"wp:attachment":[{"href":"https:\/\/ranpal.org\/index.php?rest_route=%2Fwp%2Fv2%2Fmedia&parent=8074"}],"wp:term":[{"taxonomy":"category","embeddable":true,"href":"https:\/\/ranpal.org\/index.php?rest_route=%2Fwp%2Fv2%2Fcategories&post=8074"},{"taxonomy":"post_tag","embeddable":true,"href":"https:\/\/ranpal.org\/index.php?rest_route=%2Fwp%2Fv2%2Ftags&post=8074"}],"curies":[{"name":"wp","href":"https:\/\/api.w.org\/{rel}","templated":true}]}}