{"id":8087,"date":"2024-04-18T13:26:17","date_gmt":"2024-04-18T13:26:17","guid":{"rendered":"https:\/\/ranpal.org\/?p=8087"},"modified":"2024-04-18T13:26:17","modified_gmt":"2024-04-18T13:26:17","slug":"crisis-en-la-mesa-de-dialogos-gobierno-y-eln","status":"publish","type":"post","link":"https:\/\/ranpal.org\/?p=8087","title":{"rendered":"CRISIS EN LA MESA DE DI\u00c1LOGOS GOBIERNO Y ELN"},"content":{"rendered":"<p>Antes de la inminente reuni\u00f3n extraordinaria de voceros de la delegaci\u00f3n del Gobierno colombiano y el Ej\u00e9rcito de Liberaci\u00f3n Nacional(ELN) en Caracas el <strong>Jefe de la Delegaci\u00f3n guerrillera Comandante Pablo Beltr\u00e1n<\/strong> concedi\u00f3, de manera exclusiva, una entrevista al portal Nuestra Am\u00e9rica en Palabras: <a href=\"https:\/\/naenpalabras.net\/wp\/\" rel=\"noopener\" target=\"_blank\">https:\/\/naenpalabras.net\/wp\/<\/a>. Dada su importancia y pertinencia aqui se la compartimos.<br \/>\n<strong><br \/>\nRanpal \u00abSOMOS comunicaci\u00f3n insurgente\u00bb.<br \/>\nBogot\u00e1 jueves 18 abril 2024.<\/strong><\/p>\n<p><iframe loading=\"lazy\" width=\"683\" height=\"384\" src=\"https:\/\/www.youtube.com\/embed\/OauICdcv_BE\" title=\"Entrevista EXCLUSIVA a Pablo Beltr\u00e1n. Crisis en la mesa de di\u00e1logos Gobierno colombiano-ELN\" frameborder=\"0\" allow=\"accelerometer; autoplay; clipboard-write; encrypted-media; gyroscope; picture-in-picture; web-share\" referrerpolicy=\"strict-origin-when-cross-origin\" allowfullscreen><\/iframe><\/p>\n","protected":false},"excerpt":{"rendered":"<p>Antes de la inminente reuni\u00f3n extraordinaria de voceros de la delegaci\u00f3n del Gobierno colombiano y<\/p>\n","protected":false},"author":2,"featured_media":0,"comment_status":"open","ping_status":"open","sticky":false,"template":"","format":"standard","meta":{"h5ap_radio_sources":[],"footnotes":""},"categories":[460],"tags":[542,417,338],"class_list":["post-8087","post","type-post","status-publish","format-standard","hentry","category-mesa-de-dialogos-2","tag-cmte-pablo-beltran","tag-crisis-humanitaria","tag-dialogos"],"_links":{"self":[{"href":"https:\/\/ranpal.org\/index.php?rest_route=\/wp\/v2\/posts\/8087","targetHints":{"allow":["GET"]}}],"collection":[{"href":"https:\/\/ranpal.org\/index.php?rest_route=\/wp\/v2\/posts"}],"about":[{"href":"https:\/\/ranpal.org\/index.php?rest_route=\/wp\/v2\/types\/post"}],"author":[{"embeddable":true,"href":"https:\/\/ranpal.org\/index.php?rest_route=\/wp\/v2\/users\/2"}],"replies":[{"embeddable":true,"href":"https:\/\/ranpal.org\/index.php?rest_route=%2Fwp%2Fv2%2Fcomments&post=8087"}],"version-history":[{"count":1,"href":"https:\/\/ranpal.org\/index.php?rest_route=\/wp\/v2\/posts\/8087\/revisions"}],"predecessor-version":[{"id":8089,"href":"https:\/\/ranpal.org\/index.php?rest_route=\/wp\/v2\/posts\/8087\/revisions\/8089"}],"wp:attachment":[{"href":"https:\/\/ranpal.org\/index.php?rest_route=%2Fwp%2Fv2%2Fmedia&parent=8087"}],"wp:term":[{"taxonomy":"category","embeddable":true,"href":"https:\/\/ranpal.org\/index.php?rest_route=%2Fwp%2Fv2%2Fcategories&post=8087"},{"taxonomy":"post_tag","embeddable":true,"href":"https:\/\/ranpal.org\/index.php?rest_route=%2Fwp%2Fv2%2Ftags&post=8087"}],"curies":[{"name":"wp","href":"https:\/\/api.w.org\/{rel}","templated":true}]}}