{"id":8098,"date":"2024-04-21T02:43:19","date_gmt":"2024-04-21T02:43:19","guid":{"rendered":"https:\/\/ranpal.org\/?p=8098"},"modified":"2024-04-21T02:48:23","modified_gmt":"2024-04-21T02:48:23","slug":"cortar-los-hilos-de-las-marionetas-y-del-titiritero","status":"publish","type":"post","link":"https:\/\/ranpal.org\/?p=8098","title":{"rendered":"CORTAR LOS HILOS DE LAS MARIONETAS Y DEL TITIRITERO"},"content":{"rendered":"<p><strong>E<\/strong>scrito por Sergio Torres para la <strong>Revista semanal Insurrecci\u00f3n n\u00famero 943 <\/strong>y publicado este lunes 15 de abril en el portal <a href=\"http:\/\/www.eln-voces.net\" rel=\"noopener\" target=\"_blank\">www.eln-voces.net<\/a><\/p>\n<p>Coincide el anuncio de la Fiscal\u00eda de llamar a juicio a \u00c1lvaro Uribe V\u00e9lez, por el esc\u00e1ndalo de los testigos falsos, con el juicio a Ciro Ram\u00edrez, excongresista del Centro Democr\u00e1tico por concierto para delinquir agravado, cohecho propio e inter\u00e9s indebido en la celebraci\u00f3n de contratos.<\/p>\n<p><a href=\"https:\/\/radio.eln-voces.net\/public\/1\/podcast\/1eeff893-b794-6636-a837-e972ca9746b3\/episode\/1eeff897-4eba-6ec2-8b93-eb28674f72ca\" rel=\"noopener\" target=\"_blank\">ESCUCHE Y DESCARGUE EL AUDIO DESDE AZURACAST<\/a><\/p>\n<p><strong>Ranpal \u00abSOMOS\u00bb comunicaci\u00f3n popular e insurgente\u00bb.<\/strong><br \/>\nBogot\u00e1 s\u00e1bado 20 abril 2024.<\/p>\n<p><iframe src=\"https:\/\/www.ivoox.com\/player_ej_127812957_6_1.html?c1=ed333b\" width=\"100%\" height=\"200\" frameborder=\"0\" allowfullscreen=\"\" scrolling=\"no\" loading=\"lazy\"><\/iframe><\/p>\n","protected":false},"excerpt":{"rendered":"<p>Escrito por Sergio Torres para la Revista semanal Insurrecci\u00f3n n\u00famero 943 y publicado este lunes<\/p>\n","protected":false},"author":2,"featured_media":0,"comment_status":"open","ping_status":"open","sticky":false,"template":"","format":"standard","meta":{"h5ap_radio_sources":[],"footnotes":""},"categories":[449],"tags":[133,545,544,233,543],"class_list":["post-8098","post","type-post","status-publish","format-standard","hentry","category-https-eln-voces-net-2025-07-28-gentrificacion-otra-cara-del-despojo-noticiero-impacto-colombiano","tag-colombia","tag-fiscalia","tag-politiqueros","tag-revista-insurreccion","tag-titiritero"],"_links":{"self":[{"href":"https:\/\/ranpal.org\/index.php?rest_route=\/wp\/v2\/posts\/8098","targetHints":{"allow":["GET"]}}],"collection":[{"href":"https:\/\/ranpal.org\/index.php?rest_route=\/wp\/v2\/posts"}],"about":[{"href":"https:\/\/ranpal.org\/index.php?rest_route=\/wp\/v2\/types\/post"}],"author":[{"embeddable":true,"href":"https:\/\/ranpal.org\/index.php?rest_route=\/wp\/v2\/users\/2"}],"replies":[{"embeddable":true,"href":"https:\/\/ranpal.org\/index.php?rest_route=%2Fwp%2Fv2%2Fcomments&post=8098"}],"version-history":[{"count":3,"href":"https:\/\/ranpal.org\/index.php?rest_route=\/wp\/v2\/posts\/8098\/revisions"}],"predecessor-version":[{"id":8102,"href":"https:\/\/ranpal.org\/index.php?rest_route=\/wp\/v2\/posts\/8098\/revisions\/8102"}],"wp:attachment":[{"href":"https:\/\/ranpal.org\/index.php?rest_route=%2Fwp%2Fv2%2Fmedia&parent=8098"}],"wp:term":[{"taxonomy":"category","embeddable":true,"href":"https:\/\/ranpal.org\/index.php?rest_route=%2Fwp%2Fv2%2Fcategories&post=8098"},{"taxonomy":"post_tag","embeddable":true,"href":"https:\/\/ranpal.org\/index.php?rest_route=%2Fwp%2Fv2%2Ftags&post=8098"}],"curies":[{"name":"wp","href":"https:\/\/api.w.org\/{rel}","templated":true}]}}