{"id":8105,"date":"2024-04-22T21:25:28","date_gmt":"2024-04-22T21:25:28","guid":{"rendered":"https:\/\/ranpal.org\/?p=8105"},"modified":"2024-04-22T22:00:05","modified_gmt":"2024-04-22T22:00:05","slug":"a-tres-anos-del-28a","status":"publish","type":"post","link":"https:\/\/ranpal.org\/?p=8105","title":{"rendered":"A TRES A\u00d1OS DEL 28A"},"content":{"rendered":"<p><strong>E<\/strong>ditorial Revista semanal Insurrecci\u00f3n n\u00famero 944 escrito por el Comando Central(COCE) del <strong>Ej\u00e9rcito de Liberaci\u00f3n Nacional(ELN)<\/strong> de Colombia y publicado este lunes 22 de abril en el portal<br \/>\n<a href=\"http:\/\/www.eln-voces.net\" rel=\"noopener\" target=\"_blank\">www.eln-voces.net<\/a><\/p>\n<p>Despu\u00e9s de tres a\u00f1os del Estallido Social, ejerce un nuevo gobierno que recibi\u00f3 el mandato de cambios enarbolado durante estas protestas del 2021. Hoy, los cambios enfrentan una firme oposici\u00f3n de los poderosos, que se siguen atravesando a que haya un mejor pa\u00eds para todos.<\/p>\n<p><a href=\"https:\/\/radio.eln-voces.net\/public\/1\/podcast\/1ef00f30-c7e1-6828-a1fa-59ea0d8f5e91\/episode\/1ef00f33-ef0f-65dc-a37e-310f44a4cca0\" rel=\"noopener\" target=\"_blank\">ESCUCHAR Y DESCARGAR AUDIO DESDE AZURACAST<\/a><\/p>\n<p><strong>Ranpal \u00abSOMOS guerrilla comunicacional\u00bb.<\/strong><br \/>\nBogot\u00e1 lunes 22 abril 2024.<\/p>\n<p><iframe src=\"https:\/\/www.ivoox.com\/player_ej_127878764_6_1.html?c1=ed333b\" width=\"100%\" height=\"200\" frameborder=\"0\" allowfullscreen=\"\" scrolling=\"no\" loading=\"lazy\"><\/iframe><\/p>\n","protected":false},"excerpt":{"rendered":"<p>Editorial Revista semanal Insurrecci\u00f3n n\u00famero 944 escrito por el Comando Central(COCE) del Ej\u00e9rcito de Liberaci\u00f3n<\/p>\n","protected":false},"author":2,"featured_media":0,"comment_status":"open","ping_status":"open","sticky":false,"template":"","format":"standard","meta":{"h5ap_radio_sources":[],"footnotes":""},"categories":[15],"tags":[18,133,30,233],"class_list":["post-8105","post","type-post","status-publish","format-standard","hentry","category-editorial","tag-coce","tag-colombia","tag-editorial","tag-revista-insurreccion"],"_links":{"self":[{"href":"https:\/\/ranpal.org\/index.php?rest_route=\/wp\/v2\/posts\/8105","targetHints":{"allow":["GET"]}}],"collection":[{"href":"https:\/\/ranpal.org\/index.php?rest_route=\/wp\/v2\/posts"}],"about":[{"href":"https:\/\/ranpal.org\/index.php?rest_route=\/wp\/v2\/types\/post"}],"author":[{"embeddable":true,"href":"https:\/\/ranpal.org\/index.php?rest_route=\/wp\/v2\/users\/2"}],"replies":[{"embeddable":true,"href":"https:\/\/ranpal.org\/index.php?rest_route=%2Fwp%2Fv2%2Fcomments&post=8105"}],"version-history":[{"count":3,"href":"https:\/\/ranpal.org\/index.php?rest_route=\/wp\/v2\/posts\/8105\/revisions"}],"predecessor-version":[{"id":8113,"href":"https:\/\/ranpal.org\/index.php?rest_route=\/wp\/v2\/posts\/8105\/revisions\/8113"}],"wp:attachment":[{"href":"https:\/\/ranpal.org\/index.php?rest_route=%2Fwp%2Fv2%2Fmedia&parent=8105"}],"wp:term":[{"taxonomy":"category","embeddable":true,"href":"https:\/\/ranpal.org\/index.php?rest_route=%2Fwp%2Fv2%2Fcategories&post=8105"},{"taxonomy":"post_tag","embeddable":true,"href":"https:\/\/ranpal.org\/index.php?rest_route=%2Fwp%2Fv2%2Ftags&post=8105"}],"curies":[{"name":"wp","href":"https:\/\/api.w.org\/{rel}","templated":true}]}}