{"id":8114,"date":"2024-04-25T22:46:23","date_gmt":"2024-04-25T22:46:23","guid":{"rendered":"https:\/\/ranpal.org\/?p=8114"},"modified":"2024-04-25T23:13:33","modified_gmt":"2024-04-25T23:13:33","slug":"malabarismo-de-paz-gubernamental","status":"publish","type":"post","link":"https:\/\/ranpal.org\/?p=8114","title":{"rendered":"MALABARISMO DE PAZ GUBERNAMENTAL"},"content":{"rendered":"<p>Escrito por Antonio Garc\u00eda, Primer Comandante del ELN y publicado este lunes 22 de abril en su Canal de Telegram: <a href=\"https:\/\/t.me\/ELN_AntonioGarcia\" rel=\"noopener\" target=\"_blank\">https:\/\/t.me\/ELN_AntonioGarcia<\/a>. Iguamente la encuentra en la Revista semanal Insurrecci\u00f3n n\u00famero 944 publicada en el portal oficial del Ej\u00e9rcito de Liberaci\u00f3n Nacional <a href=\"http:\/\/www.eln-voces.net\" rel=\"noopener\" target=\"_blank\"> www.eln-voces.net<\/a><\/p>\n<p>Esta semana que transcurri\u00f3, la Mesa de Di\u00e1logos entre el ELN y el Gobierno de Petro est\u00e1 situada exactamente en la crisis recurrente a que ha sido aventurada por la err\u00e1tica pol\u00edtica de<br \/>\npaz del Presidente.<br \/>\n<strong><\/p>\n<p><a href=\"https:\/\/radio.eln-voces.net\/public\/1\/podcast\/1ef03590-5d63-68ee-903f-45a15f8b5e1b\/episode\/1ef03594-0aa7-6b92-b405-e7fd366d7439\" rel=\"noopener\" target=\"_blank\">ESCUCHE Y DESCARGUE AUDIO DESDE AZURACAST<\/a><\/p>\n<p>Ranpal \u00abSOMOS comunicaci\u00f3n popular e insurgente\u00bb.<br \/>\nBogot\u00e1 jueves 25 abril 2024.<\/strong><\/p>\n<p><iframe src=\"https:\/\/www.ivoox.com\/player_ej_128064640_6_1.html?c1=ed333b\" width=\"100%\" height=\"200\" frameborder=\"0\" allowfullscreen=\"\" scrolling=\"no\" loading=\"lazy\"><\/iframe><\/p>\n","protected":false},"excerpt":{"rendered":"<p>Escrito por Antonio Garc\u00eda, Primer Comandante del ELN y publicado este lunes 22 de abril<\/p>\n","protected":false},"author":2,"featured_media":0,"comment_status":"open","ping_status":"open","sticky":false,"template":"","format":"standard","meta":{"h5ap_radio_sources":[],"footnotes":""},"categories":[449],"tags":[495,37,7,138],"class_list":["post-8114","post","type-post","status-publish","format-standard","hentry","category-https-eln-voces-net-2025-07-28-gentrificacion-otra-cara-del-despojo-noticiero-impacto-colombiano","tag-eln-cmte-antonio-garcia","tag-insurgencia","tag-insurreccion","tag-paz"],"_links":{"self":[{"href":"https:\/\/ranpal.org\/index.php?rest_route=\/wp\/v2\/posts\/8114","targetHints":{"allow":["GET"]}}],"collection":[{"href":"https:\/\/ranpal.org\/index.php?rest_route=\/wp\/v2\/posts"}],"about":[{"href":"https:\/\/ranpal.org\/index.php?rest_route=\/wp\/v2\/types\/post"}],"author":[{"embeddable":true,"href":"https:\/\/ranpal.org\/index.php?rest_route=\/wp\/v2\/users\/2"}],"replies":[{"embeddable":true,"href":"https:\/\/ranpal.org\/index.php?rest_route=%2Fwp%2Fv2%2Fcomments&post=8114"}],"version-history":[{"count":4,"href":"https:\/\/ranpal.org\/index.php?rest_route=\/wp\/v2\/posts\/8114\/revisions"}],"predecessor-version":[{"id":8120,"href":"https:\/\/ranpal.org\/index.php?rest_route=\/wp\/v2\/posts\/8114\/revisions\/8120"}],"wp:attachment":[{"href":"https:\/\/ranpal.org\/index.php?rest_route=%2Fwp%2Fv2%2Fmedia&parent=8114"}],"wp:term":[{"taxonomy":"category","embeddable":true,"href":"https:\/\/ranpal.org\/index.php?rest_route=%2Fwp%2Fv2%2Fcategories&post=8114"},{"taxonomy":"post_tag","embeddable":true,"href":"https:\/\/ranpal.org\/index.php?rest_route=%2Fwp%2Fv2%2Ftags&post=8114"}],"curies":[{"name":"wp","href":"https:\/\/api.w.org\/{rel}","templated":true}]}}