{"id":8166,"date":"2024-05-09T01:31:47","date_gmt":"2024-05-09T01:31:47","guid":{"rendered":"https:\/\/ranpal.org\/?p=8166"},"modified":"2024-05-09T02:35:45","modified_gmt":"2024-05-09T02:35:45","slug":"unidad-en-el-eln-para-rato","status":"publish","type":"post","link":"https:\/\/ranpal.org\/?p=8166","title":{"rendered":"UNIDAD EN EL ELN PARA RATO"},"content":{"rendered":"<p><strong>E<\/strong>scrito por el <strong>Comandante Antonio Garc\u00eda, primer responsable del Ej\u00e9rcito de Liberaci\u00f3n Nacional<\/strong> para su Canal de <a href=\"http:\/\/Telegram ELN-AntonioGarcia-Privado\" rel=\"noopener\" target=\"_blank\">Telegram ELN-AntonioGarcia-Privado<\/a>. Tambi\u00e9n la puede leer y descargar desde el portal <a href=\"http:\/\/www.eln-voces.net\" rel=\"noopener\" target=\"_blank\">www.eln-voces.net <\/a> que aparece publicada en la Revista semanal Insurrecci\u00f3n n\u00famero 946.<\/p>\n<p>Ni con Gabriel Y\u00e9pez Mej\u00eda (HH), ni con Comuneros del Sur se presentaron diferencias pol\u00edticas por el Proceso dePaz, o que ellos quisieran m\u00e1s la paz que el resto del ELN, m\u00e1s bien eran incr\u00e9dulos.<\/p>\n<p><a href=\"https:\/\/radio.eln-voces.net\/public\/1\/podcast\/1ef0da4e-84a3-62fc-9a5b-619c0f265251\/episode\/1ef0da56-aaeb-60ba-b230-0f8bfe6e3899\" rel=\"noopener\" target=\"_blank\"><strong>ESCUCHAR Y DESCARGAR DESDE AZURACAST<\/a><\/strong><\/p>\n<p><strong>Ranpal. \u00abSOMOS voz y sentir del pueblo colombiano\u00bb.<\/strong><br \/>\nBogot\u00e1 mi\u00e9rcoles 08 mayo 2024.<\/p>\n<p><iframe src=\"https:\/\/www.ivoox.com\/player_ej_128663899_6_1.html?c1=ed333b\" width=\"100%\" height=\"200\" frameborder=\"0\" allowfullscreen=\"\" scrolling=\"no\" loading=\"lazy\"><\/iframe><\/p>\n","protected":false},"excerpt":{"rendered":"<p>Escrito por el Comandante Antonio Garc\u00eda, primer responsable del Ej\u00e9rcito de Liberaci\u00f3n Nacional para su<\/p>\n","protected":false},"author":2,"featured_media":0,"comment_status":"open","ping_status":"open","sticky":false,"template":"","format":"standard","meta":{"h5ap_radio_sources":[],"footnotes":""},"categories":[449],"tags":[495,475,298],"class_list":["post-8166","post","type-post","status-publish","format-standard","hentry","category-https-eln-voces-net-2025-07-28-gentrificacion-otra-cara-del-despojo-noticiero-impacto-colombiano","tag-eln-cmte-antonio-garcia","tag-telegram","tag-unidad"],"_links":{"self":[{"href":"https:\/\/ranpal.org\/index.php?rest_route=\/wp\/v2\/posts\/8166","targetHints":{"allow":["GET"]}}],"collection":[{"href":"https:\/\/ranpal.org\/index.php?rest_route=\/wp\/v2\/posts"}],"about":[{"href":"https:\/\/ranpal.org\/index.php?rest_route=\/wp\/v2\/types\/post"}],"author":[{"embeddable":true,"href":"https:\/\/ranpal.org\/index.php?rest_route=\/wp\/v2\/users\/2"}],"replies":[{"embeddable":true,"href":"https:\/\/ranpal.org\/index.php?rest_route=%2Fwp%2Fv2%2Fcomments&post=8166"}],"version-history":[{"count":4,"href":"https:\/\/ranpal.org\/index.php?rest_route=\/wp\/v2\/posts\/8166\/revisions"}],"predecessor-version":[{"id":8180,"href":"https:\/\/ranpal.org\/index.php?rest_route=\/wp\/v2\/posts\/8166\/revisions\/8180"}],"wp:attachment":[{"href":"https:\/\/ranpal.org\/index.php?rest_route=%2Fwp%2Fv2%2Fmedia&parent=8166"}],"wp:term":[{"taxonomy":"category","embeddable":true,"href":"https:\/\/ranpal.org\/index.php?rest_route=%2Fwp%2Fv2%2Fcategories&post=8166"},{"taxonomy":"post_tag","embeddable":true,"href":"https:\/\/ranpal.org\/index.php?rest_route=%2Fwp%2Fv2%2Ftags&post=8166"}],"curies":[{"name":"wp","href":"https:\/\/api.w.org\/{rel}","templated":true}]}}