{"id":8254,"date":"2024-05-29T22:22:25","date_gmt":"2024-05-29T22:22:25","guid":{"rendered":"https:\/\/ranpal.org\/?p=8254"},"modified":"2024-05-29T23:37:50","modified_gmt":"2024-05-29T23:37:50","slug":"en-el-camino-del-vi-congreso","status":"publish","type":"post","link":"https:\/\/ranpal.org\/?p=8254","title":{"rendered":"EN EL CAMINO DEL VI CONGRESO"},"content":{"rendered":"<p><strong>E<\/strong>scrito por el Comandante Antonio Garc\u00eda, Primer Responsable del Ej\u00e9rcito de la Liberaci\u00f3n Nacional y publicado este lunes 27 de mayo en Telegram: <a href=\"http:\/\/ELN-AntonioGarcia-Privado\" rel=\"noopener\" target=\"_blank\">ELN-AntonioGarcia-Privado<\/a>, tambi\u00e9n lo encuentra en la Revista semanal Insurrecci\u00f3n n\u00famero 949 publicada en el portal <a href=\"http:\/\/www.eln-voces.net\" rel=\"noopener\" target=\"_blank\">www.eln-voces.net<\/a><\/p>\n<p>La preparaci\u00f3n del VI Congreso Nacional del ELN sigue su curso, y en poco tiempo se realizar\u00e1, desde luego, en el contexto de la conmemoraci\u00f3n de los 60 a\u00f1os de vida p\u00fablica como guerrilla revolucionaria insurgente.<\/p>\n<p><a href=\"https:\/\/radio.eln-voces.net\/public\/1\/podcast\/1ef1e126-dbc7-6f44-a5a2-e1c55d263667\/episode\/1ef1e134-a3c2-6758-9362-27f2737c911e\" rel=\"noopener\" target=\"_blank\">ESCUCHE Y DESCARGUE AUDIO DESDE AZURACAST<\/a><\/p>\n<p><strong>Ranpal \u00abSOMOS comunicaci\u00f3n insurgente\u00bb.<\/strong><br \/>\nBogot\u00e1 mi\u00e9rcoles 29 mayo 2024.<\/p>\n","protected":false},"excerpt":{"rendered":"<p>Escrito por el Comandante Antonio Garc\u00eda, Primer Responsable del Ej\u00e9rcito de la Liberaci\u00f3n Nacional y<\/p>\n","protected":false},"author":2,"featured_media":0,"comment_status":"open","ping_status":"open","sticky":false,"template":"","format":"standard","meta":{"h5ap_radio_sources":[],"footnotes":""},"categories":[449],"tags":[133,466,525,556],"class_list":["post-8254","post","type-post","status-publish","format-standard","hentry","category-https-eln-voces-net-2025-07-28-gentrificacion-otra-cara-del-despojo-noticiero-impacto-colombiano","tag-colombia","tag-eln-59-anos","tag-telegram-cmte-antonio-garcia","tag-vi-congreso"],"_links":{"self":[{"href":"https:\/\/ranpal.org\/index.php?rest_route=\/wp\/v2\/posts\/8254","targetHints":{"allow":["GET"]}}],"collection":[{"href":"https:\/\/ranpal.org\/index.php?rest_route=\/wp\/v2\/posts"}],"about":[{"href":"https:\/\/ranpal.org\/index.php?rest_route=\/wp\/v2\/types\/post"}],"author":[{"embeddable":true,"href":"https:\/\/ranpal.org\/index.php?rest_route=\/wp\/v2\/users\/2"}],"replies":[{"embeddable":true,"href":"https:\/\/ranpal.org\/index.php?rest_route=%2Fwp%2Fv2%2Fcomments&post=8254"}],"version-history":[{"count":3,"href":"https:\/\/ranpal.org\/index.php?rest_route=\/wp\/v2\/posts\/8254\/revisions"}],"predecessor-version":[{"id":8259,"href":"https:\/\/ranpal.org\/index.php?rest_route=\/wp\/v2\/posts\/8254\/revisions\/8259"}],"wp:attachment":[{"href":"https:\/\/ranpal.org\/index.php?rest_route=%2Fwp%2Fv2%2Fmedia&parent=8254"}],"wp:term":[{"taxonomy":"category","embeddable":true,"href":"https:\/\/ranpal.org\/index.php?rest_route=%2Fwp%2Fv2%2Fcategories&post=8254"},{"taxonomy":"post_tag","embeddable":true,"href":"https:\/\/ranpal.org\/index.php?rest_route=%2Fwp%2Fv2%2Ftags&post=8254"}],"curies":[{"name":"wp","href":"https:\/\/api.w.org\/{rel}","templated":true}]}}