{"id":8313,"date":"2024-06-19T20:24:28","date_gmt":"2024-06-19T20:24:28","guid":{"rendered":"https:\/\/ranpal.org\/?p=8313"},"modified":"2024-06-19T21:23:43","modified_gmt":"2024-06-19T21:23:43","slug":"rueda-de-prensa-con-el-cmte-antonio-garcia","status":"publish","type":"post","link":"https:\/\/ranpal.org\/?p=8313","title":{"rendered":"RUEDA DE PRENSA CON EL CMTE ANTONIO GARCIA"},"content":{"rendered":"<p><strong>A<\/strong> todas nuestras y nuestros oyentes y seguidores les dejamos aqui el AUDIO de la <strong>Rueda de Prensa que recientemente otorg\u00f3, desde las monta\u00f1as colombianas, nuestro Comandante Antonio Garcia Primer responsable del Ej\u00e9rcito de Liberaci\u00f3n Nacional(ELN), al Sistema Radial Patria Libre<\/strong> del cual hacen parte las emisoras Voz de Libertad, Antorcha Est\u00e9reo, Radio Frontera Rebelde, Serran\u00eda Est\u00e9reo y Radio Insurrecci\u00f3n Karibe\u00f1a. <strong>Igualmente participaron los corresponsales de Sur Global, Fuerza Insurgente y un integrante de la Delegaci\u00f3n del Di\u00e1logos del ELN.<\/strong><\/p>\n<p><a href=\"https:\/\/radio.eln-voces.net\/public\/1\/podcast\/1ef2e7c8-3f68-6212-85ab-fb592cedea71\/episode\/1ef2e7fd-5cae-60ee-a0b9-95ff35c39c2e\" rel=\"noopener\" target=\"_blank\">ESCUCHE Y DESCARGUE AUDIO DESDE AZURACAST<\/a><br \/>\n<strong><\/p>\n<p>Ranpal \u00abVoz y sentir del pueblo colombiano\u00bb.<\/strong><br \/>\nBogot\u00e1 mi\u00e9rcoles 19 junio 2024.<br \/>\n<iframe src=\"https:\/\/www.ivoox.com\/player_ej_130589780_6_1.html?c1=ed333b\" width=\"100%\" height=\"200\" frameborder=\"0\" allowfullscreen=\"\" scrolling=\"no\" loading=\"lazy\"><\/iframe><\/p>\n","protected":false},"excerpt":{"rendered":"<p>A todas nuestras y nuestros oyentes y seguidores les dejamos aqui el AUDIO de la<\/p>\n","protected":false},"author":2,"featured_media":0,"comment_status":"open","ping_status":"open","sticky":false,"template":"","format":"standard","meta":{"h5ap_radio_sources":[],"footnotes":""},"categories":[563],"tags":[564,320,138,355,556],"class_list":["post-8313","post","type-post","status-publish","format-standard","hentry","category-rueda-de-prensa","tag-cmte-antonio","tag-noticias","tag-paz","tag-rueda-de-prensa","tag-vi-congreso"],"_links":{"self":[{"href":"https:\/\/ranpal.org\/index.php?rest_route=\/wp\/v2\/posts\/8313","targetHints":{"allow":["GET"]}}],"collection":[{"href":"https:\/\/ranpal.org\/index.php?rest_route=\/wp\/v2\/posts"}],"about":[{"href":"https:\/\/ranpal.org\/index.php?rest_route=\/wp\/v2\/types\/post"}],"author":[{"embeddable":true,"href":"https:\/\/ranpal.org\/index.php?rest_route=\/wp\/v2\/users\/2"}],"replies":[{"embeddable":true,"href":"https:\/\/ranpal.org\/index.php?rest_route=%2Fwp%2Fv2%2Fcomments&post=8313"}],"version-history":[{"count":4,"href":"https:\/\/ranpal.org\/index.php?rest_route=\/wp\/v2\/posts\/8313\/revisions"}],"predecessor-version":[{"id":8317,"href":"https:\/\/ranpal.org\/index.php?rest_route=\/wp\/v2\/posts\/8313\/revisions\/8317"}],"wp:attachment":[{"href":"https:\/\/ranpal.org\/index.php?rest_route=%2Fwp%2Fv2%2Fmedia&parent=8313"}],"wp:term":[{"taxonomy":"category","embeddable":true,"href":"https:\/\/ranpal.org\/index.php?rest_route=%2Fwp%2Fv2%2Fcategories&post=8313"},{"taxonomy":"post_tag","embeddable":true,"href":"https:\/\/ranpal.org\/index.php?rest_route=%2Fwp%2Fv2%2Ftags&post=8313"}],"curies":[{"name":"wp","href":"https:\/\/api.w.org\/{rel}","templated":true}]}}