{"id":8479,"date":"2024-08-04T00:15:14","date_gmt":"2024-08-04T00:15:14","guid":{"rendered":"https:\/\/ranpal.org\/?p=8479"},"modified":"2024-08-04T00:28:24","modified_gmt":"2024-08-04T00:28:24","slug":"voluntad-de-paz-del-eln","status":"publish","type":"post","link":"https:\/\/ranpal.org\/?p=8479","title":{"rendered":"VOLUNTAD DE PAZ DEL ELN"},"content":{"rendered":"<p><strong>Comunicado del Comando Central(COCE) <\/strong>del Ej\u00e9rcito de Liberaci\u00f3n Nacional de Colombia y publicado este viernes 2 de agosto en su p\u00e1gina oficial <a href=\"http:\/\/www.eln-voces.net\" rel=\"noopener\" target=\"_blank\">www.eln-voces.net<\/a> e igualmente en redes digitales.<\/p>\n<p>No tenemos el prop\u00f3sito de seguir en una guerra de comunicados o responder a la matriz medi\u00e1tica, <strong>s\u00f3lo buscamos que la opini\u00f3n conozca directamente nuestro punto de vista y el Gobierno tenga m\u00e1s elementos para dilucidar su camino.<\/strong><\/p>\n<p><a href=\"https:\/\/radio.eln-voces.net\/public\/1\/podcast\/1ef51f7c-a7a6-6fde-82a2-3f375018ac87\/episode\/1ef51f85-8894-6e80-96a0-c73e64ca6b2f\" rel=\"noopener\" target=\"_blank\">ESCUCHAR Y DESCARGAR AUDIO DESDE AURACAST<\/a><\/p>\n<p><strong>Ranpal \u00abSomos comunicaci\u00f3n insurgente\u00bb.<\/strong><br \/>\nBogot\u00e1 s\u00e1bado 03 agosto 2024.<br \/>\n<strong>\u00a1Palestina Libre!<\/strong><\/p>\n<p><iframe src=\"https:\/\/www.ivoox.com\/player_ej_132462541_6_1.html?c1=ed333b\" width=\"100%\" height=\"200\" frameborder=\"0\" allowfullscreen=\"\" scrolling=\"no\" loading=\"lazy\"><\/iframe><\/p>\n","protected":false},"excerpt":{"rendered":"<p>Comunicado del Comando Central(COCE) del Ej\u00e9rcito de Liberaci\u00f3n Nacional de Colombia y publicado este viernes<\/p>\n","protected":false},"author":2,"featured_media":0,"comment_status":"open","ping_status":"open","sticky":false,"template":"","format":"standard","meta":{"h5ap_radio_sources":[],"footnotes":""},"categories":[456],"tags":[204,510,133,43],"class_list":["post-8479","post","type-post","status-publish","format-standard","hentry","category-comunicados-coce","tag-cese-el-fuego","tag-coce-eln","tag-colombia","tag-opinion"],"_links":{"self":[{"href":"https:\/\/ranpal.org\/index.php?rest_route=\/wp\/v2\/posts\/8479","targetHints":{"allow":["GET"]}}],"collection":[{"href":"https:\/\/ranpal.org\/index.php?rest_route=\/wp\/v2\/posts"}],"about":[{"href":"https:\/\/ranpal.org\/index.php?rest_route=\/wp\/v2\/types\/post"}],"author":[{"embeddable":true,"href":"https:\/\/ranpal.org\/index.php?rest_route=\/wp\/v2\/users\/2"}],"replies":[{"embeddable":true,"href":"https:\/\/ranpal.org\/index.php?rest_route=%2Fwp%2Fv2%2Fcomments&post=8479"}],"version-history":[{"count":4,"href":"https:\/\/ranpal.org\/index.php?rest_route=\/wp\/v2\/posts\/8479\/revisions"}],"predecessor-version":[{"id":8485,"href":"https:\/\/ranpal.org\/index.php?rest_route=\/wp\/v2\/posts\/8479\/revisions\/8485"}],"wp:attachment":[{"href":"https:\/\/ranpal.org\/index.php?rest_route=%2Fwp%2Fv2%2Fmedia&parent=8479"}],"wp:term":[{"taxonomy":"category","embeddable":true,"href":"https:\/\/ranpal.org\/index.php?rest_route=%2Fwp%2Fv2%2Fcategories&post=8479"},{"taxonomy":"post_tag","embeddable":true,"href":"https:\/\/ranpal.org\/index.php?rest_route=%2Fwp%2Fv2%2Ftags&post=8479"}],"curies":[{"name":"wp","href":"https:\/\/api.w.org\/{rel}","templated":true}]}}