{"id":8495,"date":"2024-08-06T13:09:20","date_gmt":"2024-08-06T13:09:20","guid":{"rendered":"https:\/\/ranpal.org\/?p=8495"},"modified":"2024-08-06T21:55:11","modified_gmt":"2024-08-06T21:55:11","slug":"eln-ratifica-voluntad-de-paz-noticiero-nacional-impacto-colombiano","status":"publish","type":"post","link":"https:\/\/ranpal.org\/?p=8495","title":{"rendered":"ELN RATIFICA VOLUNTAD DE PAZ NOTICIERO NACIONAL IMPACTO COLOMBIANO"},"content":{"rendered":"<p><strong>D<\/strong>ejamos a su alcance otro episodio del <strong>Noticiero Nacional Impacto Colombiano<\/strong>, esta vez nuestras y nuestros periodistas populares nos recrean el acontecer regional con el <strong>homenaje al Capitan Willian, hablan de la narcoparamilitarizaci\u00f3n de la Guajira, del Arauca <\/strong>y el Contexto Urbano mostr\u00e1ndonos la corrupci\u00f3n y los abusos con el suministro de la energ\u00eda el\u00e9ctrica en la regi\u00f3n norte de Colombia; adem\u00e1s del editorial del Comando Central del ELN y la Delegaci\u00f3n de Di\u00e1logos expresando su reciente posici\u00f3n.<\/p>\n<p><a href=\"https:\/\/radio.eln-voces.net\/public\/1\/podcast\/1ef53f59-656b-667c-99d4-e750a785d078\/episode\/1ef543e5-c49d-69ac-9ea5-6b14caffff90\" rel=\"noopener\" target=\"_blank\">ESCUCHE Y DESCARGUE EL AUDIO DESDE AZURACAST<\/a><\/p>\n<p><strong>Ranpal \u00abSomos comunicaci\u00f3n popular e insurgente\u00bb.<\/strong><br \/>\nBogot\u00e1 martes 06 agosto 2024.<br \/>\n<strong>\u00a1Palestina Libre!<\/strong><\/p>\n<p><iframe src=\"https:\/\/www.ivoox.com\/player_ej_132551775_6_1.html?c1=ed333b\" width=\"100%\" height=\"200\" frameborder=\"0\" allowfullscreen=\"\" scrolling=\"no\" loading=\"lazy\"><\/iframe><\/p>\n","protected":false},"excerpt":{"rendered":"<p>Dejamos a su alcance otro episodio del Noticiero Nacional Impacto Colombiano, esta vez nuestras y<\/p>\n","protected":false},"author":2,"featured_media":0,"comment_status":"open","ping_status":"open","sticky":false,"template":"","format":"standard","meta":{"h5ap_radio_sources":[],"footnotes":""},"categories":[557],"tags":[5,559,558,138],"class_list":["post-8495","post","type-post","status-publish","format-standard","hentry","category-noticiero-impacto-colombiano","tag-eln","tag-impacto-colombiano","tag-noticiero","tag-paz"],"_links":{"self":[{"href":"https:\/\/ranpal.org\/index.php?rest_route=\/wp\/v2\/posts\/8495","targetHints":{"allow":["GET"]}}],"collection":[{"href":"https:\/\/ranpal.org\/index.php?rest_route=\/wp\/v2\/posts"}],"about":[{"href":"https:\/\/ranpal.org\/index.php?rest_route=\/wp\/v2\/types\/post"}],"author":[{"embeddable":true,"href":"https:\/\/ranpal.org\/index.php?rest_route=\/wp\/v2\/users\/2"}],"replies":[{"embeddable":true,"href":"https:\/\/ranpal.org\/index.php?rest_route=%2Fwp%2Fv2%2Fcomments&post=8495"}],"version-history":[{"count":4,"href":"https:\/\/ranpal.org\/index.php?rest_route=\/wp\/v2\/posts\/8495\/revisions"}],"predecessor-version":[{"id":8510,"href":"https:\/\/ranpal.org\/index.php?rest_route=\/wp\/v2\/posts\/8495\/revisions\/8510"}],"wp:attachment":[{"href":"https:\/\/ranpal.org\/index.php?rest_route=%2Fwp%2Fv2%2Fmedia&parent=8495"}],"wp:term":[{"taxonomy":"category","embeddable":true,"href":"https:\/\/ranpal.org\/index.php?rest_route=%2Fwp%2Fv2%2Fcategories&post=8495"},{"taxonomy":"post_tag","embeddable":true,"href":"https:\/\/ranpal.org\/index.php?rest_route=%2Fwp%2Fv2%2Ftags&post=8495"}],"curies":[{"name":"wp","href":"https:\/\/api.w.org\/{rel}","templated":true}]}}