{"id":8501,"date":"2024-08-06T20:16:58","date_gmt":"2024-08-06T20:16:58","guid":{"rendered":"https:\/\/ranpal.org\/?p=8501"},"modified":"2024-08-06T20:29:45","modified_gmt":"2024-08-06T20:29:45","slug":"en-la-mitad-del-rio","status":"publish","type":"post","link":"https:\/\/ranpal.org\/?p=8501","title":{"rendered":"EN LA MITAD DEL R\u00cdO"},"content":{"rendered":"<p><strong>E<\/strong>ditorial de la <strong>Revista semanal Insurrecci\u00f3n n\u00famero 959 escrito por el Comando Central(COCE)<\/strong> del Ej\u00e9rcito de Liberaci\u00f3n Nacional(ELN) y publicado este lunes 05 de agosto en el portal <a href=\"http:\/\/www.eln-voces.net\" rel=\"noopener\" target=\"_blank\">www.eln-voces.net<\/a><\/p>\n<p>El Gobierno de Petro llega a la mitad de su periodo, sin que haya avanzado mucho en materializar el mandato de <strong>cambio que le dieron las fuerzas populares <\/strong>que lo<br \/>\neligieron, debido a la f\u00e9rrea oposici\u00f3n del viejo r\u00e9gimen y a la decisi\u00f3n presidencial de aliarse con este.<\/p>\n<p><a href=\"https:\/\/radio.eln-voces.net\/public\/1\/podcast\/1ef5431d-52a5-65b6-9cc4-6f79ad59af39\/episode\/1ef54328-70c0-6950-8653-b141c8491d60\" rel=\"noopener\" target=\"_blank\">ESCUCHAR Y DESCARGAR DESDE AZURACAST<\/a><\/p>\n<p><strong><br \/>\nRanpal \u00abSOMOS comunicaci\u00f3n para la emancipaci\u00f3n popular\u00bb.<\/strong><br \/>\nBogot\u00e1 martes 06 agosto 2024.<br \/>\n<strong>\u00a1Palestina Libre!<\/strong><\/p>\n<p><iframe src=\"https:\/\/www.ivoox.com\/player_ej_132562288_6_1.html?c1=ed333b\" width=\"100%\" height=\"200\" frameborder=\"0\" allowfullscreen=\"\" scrolling=\"no\" loading=\"lazy\"><\/iframe><\/p>\n","protected":false},"excerpt":{"rendered":"<p>Editorial de la Revista semanal Insurrecci\u00f3n n\u00famero 959 escrito por el Comando Central(COCE) del Ej\u00e9rcito<\/p>\n","protected":false},"author":2,"featured_media":0,"comment_status":"open","ping_status":"open","sticky":false,"template":"","format":"standard","meta":{"h5ap_radio_sources":[],"footnotes":""},"categories":[15],"tags":[30,535,117,138],"class_list":["post-8501","post","type-post","status-publish","format-standard","hentry","category-editorial","tag-editorial","tag-eln-coce","tag-gobierno","tag-paz"],"_links":{"self":[{"href":"https:\/\/ranpal.org\/index.php?rest_route=\/wp\/v2\/posts\/8501","targetHints":{"allow":["GET"]}}],"collection":[{"href":"https:\/\/ranpal.org\/index.php?rest_route=\/wp\/v2\/posts"}],"about":[{"href":"https:\/\/ranpal.org\/index.php?rest_route=\/wp\/v2\/types\/post"}],"author":[{"embeddable":true,"href":"https:\/\/ranpal.org\/index.php?rest_route=\/wp\/v2\/users\/2"}],"replies":[{"embeddable":true,"href":"https:\/\/ranpal.org\/index.php?rest_route=%2Fwp%2Fv2%2Fcomments&post=8501"}],"version-history":[{"count":4,"href":"https:\/\/ranpal.org\/index.php?rest_route=\/wp\/v2\/posts\/8501\/revisions"}],"predecessor-version":[{"id":8506,"href":"https:\/\/ranpal.org\/index.php?rest_route=\/wp\/v2\/posts\/8501\/revisions\/8506"}],"wp:attachment":[{"href":"https:\/\/ranpal.org\/index.php?rest_route=%2Fwp%2Fv2%2Fmedia&parent=8501"}],"wp:term":[{"taxonomy":"category","embeddable":true,"href":"https:\/\/ranpal.org\/index.php?rest_route=%2Fwp%2Fv2%2Fcategories&post=8501"},{"taxonomy":"post_tag","embeddable":true,"href":"https:\/\/ranpal.org\/index.php?rest_route=%2Fwp%2Fv2%2Ftags&post=8501"}],"curies":[{"name":"wp","href":"https:\/\/api.w.org\/{rel}","templated":true}]}}