{"id":8511,"date":"2024-08-10T19:29:18","date_gmt":"2024-08-10T19:29:18","guid":{"rendered":"https:\/\/ranpal.org\/?p=8511"},"modified":"2024-08-10T20:10:09","modified_gmt":"2024-08-10T20:10:09","slug":"en-dos-anos-de-petro-cual-cambio","status":"publish","type":"post","link":"https:\/\/ranpal.org\/?p=8511","title":{"rendered":"EN DOS A\u00d1OS DE PETRO \u00bfCU\u00c1L CAMBIO? PERISCOPIO POL\u00cdTICO"},"content":{"rendered":"<p><strong>\u00bfQu\u00e9 ha CAMBIADO en Colombia en estos dos a\u00f1os de supuesto gobierno del Petrismo?<\/strong><\/p>\n<p><strong>\u00bfL<\/strong>as formas de gobernar, de hacer pol\u00edtica, las formas productivas, de la econom\u00eda, de relaci\u00f3n social, de comunicaci\u00f3n, de educaci\u00f3n, de la biodiversidad, del deporte, de las ideas, de la cultura, de la historia, del campo, de la  tierra, de la ciudad, de la democracia, de las relaciones internacionales? <strong>A excepci\u00f3n de alg\u00fan viraje en la concepci\u00f3n internacional, diriamos que seguimos en la herencia y dependencia del viejo r\u00e9gimen.<\/strong><br \/>\n<strong><\/p>\n<p><a href=\"https:\/\/radio.eln-voces.net\/public\/1\/podcast\/1ef574fc-bf10-65e6-b673-81c3e8bd2ba7\/episode\/1ef5751b-63c2-6c9c-9a68-dfcc258f41c0\" rel=\"noopener\" target=\"_blank\">ESCUCHE Y DESCARGUE AUDIO DESDE AZURACAST<\/a><\/p>\n<p>Ranpal \u00abSOMOS palabra y verdad insurgente\u00bb.<\/strong><br \/>\nBogot\u00e1 s\u00e1bado 10 agosto 2024.<br \/>\n<strong>\u00a1Palestina Libre!<\/strong><\/p>\n<p><iframe src=\"https:\/\/www.ivoox.com\/player_ej_132683810_6_1.html?c1=ed333b\" width=\"100%\" height=\"200\" frameborder=\"0\" allowfullscreen=\"\" scrolling=\"no\" loading=\"lazy\"><\/iframe><\/p>\n","protected":false},"excerpt":{"rendered":"<p>\u00bfQu\u00e9 ha CAMBIADO en Colombia en estos dos a\u00f1os de supuesto gobierno del Petrismo? \u00bfLas<\/p>\n","protected":false},"author":2,"featured_media":0,"comment_status":"open","ping_status":"open","sticky":false,"template":"","format":"standard","meta":{"h5ap_radio_sources":[],"footnotes":""},"categories":[20],"tags":[330,580,117,19,296],"class_list":["post-8511","post","type-post","status-publish","format-standard","hentry","category-periscopio-politico","tag-colombia-eln","tag-doas-anos","tag-gobierno","tag-periscopio-politico","tag-petro"],"_links":{"self":[{"href":"https:\/\/ranpal.org\/index.php?rest_route=\/wp\/v2\/posts\/8511","targetHints":{"allow":["GET"]}}],"collection":[{"href":"https:\/\/ranpal.org\/index.php?rest_route=\/wp\/v2\/posts"}],"about":[{"href":"https:\/\/ranpal.org\/index.php?rest_route=\/wp\/v2\/types\/post"}],"author":[{"embeddable":true,"href":"https:\/\/ranpal.org\/index.php?rest_route=\/wp\/v2\/users\/2"}],"replies":[{"embeddable":true,"href":"https:\/\/ranpal.org\/index.php?rest_route=%2Fwp%2Fv2%2Fcomments&post=8511"}],"version-history":[{"count":5,"href":"https:\/\/ranpal.org\/index.php?rest_route=\/wp\/v2\/posts\/8511\/revisions"}],"predecessor-version":[{"id":8520,"href":"https:\/\/ranpal.org\/index.php?rest_route=\/wp\/v2\/posts\/8511\/revisions\/8520"}],"wp:attachment":[{"href":"https:\/\/ranpal.org\/index.php?rest_route=%2Fwp%2Fv2%2Fmedia&parent=8511"}],"wp:term":[{"taxonomy":"category","embeddable":true,"href":"https:\/\/ranpal.org\/index.php?rest_route=%2Fwp%2Fv2%2Fcategories&post=8511"},{"taxonomy":"post_tag","embeddable":true,"href":"https:\/\/ranpal.org\/index.php?rest_route=%2Fwp%2Fv2%2Ftags&post=8511"}],"curies":[{"name":"wp","href":"https:\/\/api.w.org\/{rel}","templated":true}]}}