{"id":8535,"date":"2024-08-14T14:20:27","date_gmt":"2024-08-14T14:20:27","guid":{"rendered":"https:\/\/ranpal.org\/?p=8535"},"modified":"2025-05-31T03:49:59","modified_gmt":"2025-05-31T03:49:59","slug":"orden-de-injusticia-e-impunidad","status":"publish","type":"post","link":"https:\/\/ranpal.org\/?p=8535","title":{"rendered":"ORDEN DE INJUSTICIA E IMPUNIDAD"},"content":{"rendered":"<p>                                                   <a href='https:\/\/postimg.cc\/rKWktz0q' target='_blank'><img src='https:\/\/i.postimg.cc\/WbYbCksq\/1-EDITORIAL-I960.jpg' border='0' alt='1-EDITORIAL-I960'\/><\/a><\/p>\n<p><strong>E<\/strong>ditorial semanal de la <strong>Revista Insurrecci\u00f3n n\u00famero 960 escrito por el Comando Central(COCE) del Ej\u00e9rcito de Liberaci\u00f3n Nacional(ELN)<\/strong> y publicado el lunes 12 de agosto en el portal <a href=\"http:\/\/www.eln-voces.net\" rel=\"noopener\" target=\"_blank\">www.eln-voces.net<\/a><br \/>\nEl presidente Petro volvi\u00f3 a recordar cu\u00e1l es el principal cambio que tenemos que hacer en el pa\u00eds: quitar el viejo orden de injusticia que agobia a Colombia, r\u00e9gimen de orcos terror\u00edficos que persiguen y exterminan opositores, para mantener privilegios a una minor\u00eda.<br \/>\n<strong><\/p>\n<p><a href=\"https:\/\/radio.eln-voces.net\/public\/1\/podcast\/1ef5a500-1c68-6382-97ae-8720d920dbff\/episode\/1ef5a502-8f24-66bc-ad3b-fd0368d07025\" rel=\"noopener\" target=\"_blank\">ESCUCHAR Y DESCARGAR AUDIO DESDE AZURACAST<\/a><\/p>\n<p>Ranpal \u00abSOMOS comunicaci\u00f3n para la liberaci\u00f3n\u00bb.<\/strong><br \/>\nBogot\u00e1 mi\u00e9rcoeles 14 agosto 2024<br \/>\n<strong>\u00a1Palestinas Libre!<\/strong><\/p>\n<p><iframe src=\"https:\/\/www.ivoox.com\/player_ej_132804316_6_1.html?c1=ed333b\" width=\"100%\" height=\"200\" frameborder=\"0\" allowfullscreen=\"\" scrolling=\"no\" loading=\"lazy\"><\/iframe><\/p>\n","protected":false},"excerpt":{"rendered":"<p>Editorial semanal de la Revista Insurrecci\u00f3n n\u00famero 960 escrito por el Comando Central(COCE) del Ej\u00e9rcito<\/p>\n","protected":false},"author":2,"featured_media":0,"comment_status":"open","ping_status":"open","sticky":false,"template":"","format":"standard","meta":{"h5ap_radio_sources":[],"footnotes":""},"categories":[15],"tags":[18,133,581,560,233],"class_list":["post-8535","post","type-post","status-publish","format-standard","hentry","category-editorial","tag-coce","tag-colombia","tag-editorial-960","tag-eln-60-anos","tag-revista-insurreccion"],"_links":{"self":[{"href":"https:\/\/ranpal.org\/index.php?rest_route=\/wp\/v2\/posts\/8535","targetHints":{"allow":["GET"]}}],"collection":[{"href":"https:\/\/ranpal.org\/index.php?rest_route=\/wp\/v2\/posts"}],"about":[{"href":"https:\/\/ranpal.org\/index.php?rest_route=\/wp\/v2\/types\/post"}],"author":[{"embeddable":true,"href":"https:\/\/ranpal.org\/index.php?rest_route=\/wp\/v2\/users\/2"}],"replies":[{"embeddable":true,"href":"https:\/\/ranpal.org\/index.php?rest_route=%2Fwp%2Fv2%2Fcomments&post=8535"}],"version-history":[{"count":5,"href":"https:\/\/ranpal.org\/index.php?rest_route=\/wp\/v2\/posts\/8535\/revisions"}],"predecessor-version":[{"id":9437,"href":"https:\/\/ranpal.org\/index.php?rest_route=\/wp\/v2\/posts\/8535\/revisions\/9437"}],"wp:attachment":[{"href":"https:\/\/ranpal.org\/index.php?rest_route=%2Fwp%2Fv2%2Fmedia&parent=8535"}],"wp:term":[{"taxonomy":"category","embeddable":true,"href":"https:\/\/ranpal.org\/index.php?rest_route=%2Fwp%2Fv2%2Fcategories&post=8535"},{"taxonomy":"post_tag","embeddable":true,"href":"https:\/\/ranpal.org\/index.php?rest_route=%2Fwp%2Fv2%2Ftags&post=8535"}],"curies":[{"name":"wp","href":"https:\/\/api.w.org\/{rel}","templated":true}]}}