{"id":8622,"date":"2024-09-19T11:14:59","date_gmt":"2024-09-19T11:14:59","guid":{"rendered":"https:\/\/ranpal.org\/?p=8622"},"modified":"2024-09-21T01:15:16","modified_gmt":"2024-09-21T01:15:16","slug":"saludo-y-mensaje-cmte-pablo-beltran-noticiero-impacto-colombiano","status":"publish","type":"post","link":"https:\/\/ranpal.org\/?p=8622","title":{"rendered":"SALUDO Y MENSAJE CMTE PABLO BELTR\u00c1N NOTICIERO NACIONAL IMPACTO COLOMBIANO"},"content":{"rendered":"<p><strong>B<\/strong>ienvenidos a una nueva emisi\u00f3n del Noticiero Nacional Impacto Colombiano. Les presentamos el saludo y mensaje de nuestro Comandante <strong><strong>Pablo Beltr\u00e1n, integrante del Comando Central (COCE) a las y los guerrilleros del Frente Domingo La\u00edn que el pasado 14 de septiembre cumplieron 44 a\u00f1os<\/strong> de resistencia y lucha. Igualmente mensaje al Frente de Guerra Occidental<\/strong> que hace reconocimiento hist\u00f3rico a Ogli Padilla, Cmte Fabi\u00e1n. Desde luego las notas e informes regionales, nacionales e internacionales.<\/p>\n<p><a href=\"https:\/\/radio.eln-voces.net\/public\/1\/podcast\/1ef7675d-1c05-63ba-9f15-dda02f0cc15a\/episode\/1ef7676a-8df0-6224-9f23-cdd7a8a18b87\" rel=\"noopener\" target=\"_blank\">ESCUCHE Y DESCARGUE EL AUDIO DESDE AZURACAST<\/a><\/p>\n<p><strong>Ranpal \u00abVoz y sentir del pueblo colombiano\u00bb<\/strong><br \/>\nBoogt\u00e0 jueves 19 septiembre 2024.<br \/>\n<strong>\u00a1Palestina Libre!<\/strong><\/p>\n<p><iframe src=\"https:\/\/www.ivoox.com\/player_ej_134026394_6_1.html?c1=ed333b\" width=\"100%\" height=\"200\" frameborder=\"0\" allowfullscreen=\"\" scrolling=\"no\" loading=\"lazy\"><\/iframe><\/p>\n<p><a href=\"https:\/\/radio.eln-voces.net\/public\/1\/podcast\/1ef778fd-61a9-69b4-b973-ddebfb54987f\/episode\/1ef77b68-b478-68bc-bf3b-6beb58a58fcb\" rel=\"noopener\" target=\"_blank\">ESCUCHE Y COMPARTA EL AVANCE INFORMATIVO DESDE AZURACAST<\/a><br \/>\n<iframe src=\"https:\/\/www.ivoox.com\/player_ej_134027119_6_1.html?c1=ed333b\" width=\"100%\" height=\"200\" frameborder=\"0\" allowfullscreen=\"\" scrolling=\"no\" loading=\"lazy\"><\/iframe><\/p>\n","protected":false},"excerpt":{"rendered":"<p>Bienvenidos a una nueva emisi\u00f3n del Noticiero Nacional Impacto Colombiano. Les presentamos el saludo y<\/p>\n","protected":false},"author":2,"featured_media":0,"comment_status":"open","ping_status":"open","sticky":false,"template":"","format":"standard","meta":{"h5ap_radio_sources":[],"footnotes":""},"categories":[557],"tags":[542,585,558,25],"class_list":["post-8622","post","type-post","status-publish","format-standard","hentry","category-noticiero-impacto-colombiano","tag-cmte-pablo-beltran","tag-frente-domingo-lain","tag-noticiero","tag-saludo"],"_links":{"self":[{"href":"https:\/\/ranpal.org\/index.php?rest_route=\/wp\/v2\/posts\/8622","targetHints":{"allow":["GET"]}}],"collection":[{"href":"https:\/\/ranpal.org\/index.php?rest_route=\/wp\/v2\/posts"}],"about":[{"href":"https:\/\/ranpal.org\/index.php?rest_route=\/wp\/v2\/types\/post"}],"author":[{"embeddable":true,"href":"https:\/\/ranpal.org\/index.php?rest_route=\/wp\/v2\/users\/2"}],"replies":[{"embeddable":true,"href":"https:\/\/ranpal.org\/index.php?rest_route=%2Fwp%2Fv2%2Fcomments&post=8622"}],"version-history":[{"count":7,"href":"https:\/\/ranpal.org\/index.php?rest_route=\/wp\/v2\/posts\/8622\/revisions"}],"predecessor-version":[{"id":8634,"href":"https:\/\/ranpal.org\/index.php?rest_route=\/wp\/v2\/posts\/8622\/revisions\/8634"}],"wp:attachment":[{"href":"https:\/\/ranpal.org\/index.php?rest_route=%2Fwp%2Fv2%2Fmedia&parent=8622"}],"wp:term":[{"taxonomy":"category","embeddable":true,"href":"https:\/\/ranpal.org\/index.php?rest_route=%2Fwp%2Fv2%2Fcategories&post=8622"},{"taxonomy":"post_tag","embeddable":true,"href":"https:\/\/ranpal.org\/index.php?rest_route=%2Fwp%2Fv2%2Ftags&post=8622"}],"curies":[{"name":"wp","href":"https:\/\/api.w.org\/{rel}","templated":true}]}}